{"id":720,"date":"2022-05-10T21:38:17","date_gmt":"2022-05-10T19:38:17","guid":{"rendered":"https:\/\/agora.xtec.cat\/ceiprivorubeo\/?p=720"},"modified":"2022-06-14T13:42:27","modified_gmt":"2022-06-14T11:42:27","slug":"projecte-de-coneixement-de-lentorn-i-hort-escolar","status":"publish","type":"post","link":"https:\/\/agora.xtec.cat\/ceiprivorubeo\/altres-projectes\/projecte-de-coneixement-de-lentorn-i-hort-escolar\/","title":{"rendered":"Projecte de coneixement de l&#8217;entorn i hort escolar"},"content":{"rendered":"<p>Aqu\u00ed podeu consultar el <a href=\"https:\/\/drive.google.com\/file\/d\/0Bxg0UJ63ABssMDJMOXM0Yl9NRmM\/view?usp=sharing\">Projecte de coneixment de l&#8217;Entorn i Hort Escolar (Actualitzaci\u00f3 2015-16)<\/a><\/p>\n<p>El Projecte de Coneixement de l\u2019entorn i Hort Escolar queda englobat dins de la perspectiva curricular del Projecte d\u2019Educaci\u00f3 Ambiental del Centre i recull tots aquells Blocs de Treball Transversal que es duen a terme als diferents nivells relacionats amb el contacte directe amb l\u2019entorn natural i les plantes com a \u00e9ssers vius.<\/p>\n<p>En l\u2019actualitzaci\u00f3 que es presenta a continuaci\u00f3, queden recollits tant els Blocs de Treball Transversal que es desenvolupen dins del context escolar i que tenen relaci\u00f3 directe amb les plantes com a \u00e9ssers vius com l\u2019estada al camp d\u2019aprenentatge de les Obagues on s\u2019apr\u00e8n, a trav\u00e9s de l\u2019experi\u00e8ncia directa, tot el proc\u00e9s de producci\u00f3 aliment\u00e0ria.<\/p>\n<p>Per altra banda, queda pendent, completar el projecte amb les sortides de coneixement de l\u2019entorn natural que es duen a terme a tots els cicles:<\/p>\n<ul>\n<li>Collserola (EI5)<\/li>\n<li>Puigmadrona (CI)<\/li>\n<li>Entorn rural de Rub\u00ed (3r)<\/li>\n<li>La Mola (4t)<\/li>\n<li>Montserrat (CS)<\/li>\n<\/ul>\n<p>Aix\u00ed mateix, paral\u00b7lelament es recollir\u00e0 el Projecte d\u2019Experts en residus que complementar\u00e0 la perspectiva curricular del PEA al llarg dels quatre cicles.<\/p>\n<p><a href=\"https:\/\/drive.google.com\/file\/d\/0Bxg0UJ63ABssMDJMOXM0Yl9NRmM\/view?usp=sharing\">Projecte de Coneixment de l&#8217;Entorn i Hort Escolar (Actualitzaci\u00f3 2015-16)<\/a><\/p>\n<p><iframe loading=\"lazy\" src=\"https:\/\/prezi.com\/embed\/jp57v7ktmwf6\/?bgcolor=ffffff&amp;lock_to_path=1&amp;autoplay=0&amp;autohide_ctrls=0\" width=\"700\" height=\"500\" frameborder=\"0\"><span style=\"display: inline-block; width: 0px; overflow: hidden; line-height: 0;\" data-mce-type=\"bookmark\" class=\"mce_SELRES_start\">\ufeff<\/span><\/iframe><\/p>\n","protected":false},"excerpt":{"rendered":"<p>Aqu\u00ed podeu consultar el <a href=\"https:\/\/drive.google.com\/file\/d\/0Bxg0UJ63ABssMDJMOXM0Yl9NRmM\/view?usp=sharing\">Projecte de coneixment de l&#8217;Entorn i Hort Escolar (Actualitzaci\u00f3 2015-16)<\/a><br \/>\nEl Projecte de Coneixement de l\u2019entorn i Hort Escolar queda englobat dins de la perspectiva curricular del Projecte d\u2019Educaci\u00f3 Ambiental del Centre i recull tots aquells Blocs de Treball Transversal que&hellip;  <a href=\"https:\/\/agora.xtec.cat\/ceiprivorubeo\/altres-projectes\/projecte-de-coneixement-de-lentorn-i-hort-escolar\/\" title=\"Read Projecte de coneixement de l&#8217;entorn i hort escolar\">Llegeix m\u00e9s\u00bb<\/a><\/p>\n","protected":false},"author":4,"featured_media":778,"comment_status":"closed","ping_status":"closed","sticky":false,"template":"","format":"standard","meta":{"_bbp_topic_count":0,"_bbp_reply_count":0,"_bbp_total_topic_count":0,"_bbp_total_reply_count":0,"_bbp_voice_count":0,"_bbp_anonymous_reply_count":0,"_bbp_topic_count_hidden":0,"_bbp_reply_count_hidden":0,"_bbp_forum_subforum_count":0,"footnotes":""},"categories":[70],"tags":[],"class_list":["post-720","post","type-post","status-publish","format-standard","has-post-thumbnail","hentry","category-altres-projectes"],"post_mailing_queue_ids":[],"_links":{"self":[{"href":"https:\/\/agora.xtec.cat\/ceiprivorubeo\/wp-json\/wp\/v2\/posts\/720","targetHints":{"allow":["GET"]}}],"collection":[{"href":"https:\/\/agora.xtec.cat\/ceiprivorubeo\/wp-json\/wp\/v2\/posts"}],"about":[{"href":"https:\/\/agora.xtec.cat\/ceiprivorubeo\/wp-json\/wp\/v2\/types\/post"}],"author":[{"embeddable":true,"href":"https:\/\/agora.xtec.cat\/ceiprivorubeo\/wp-json\/wp\/v2\/users\/4"}],"replies":[{"embeddable":true,"href":"https:\/\/agora.xtec.cat\/ceiprivorubeo\/wp-json\/wp\/v2\/comments?post=720"}],"version-history":[{"count":1,"href":"https:\/\/agora.xtec.cat\/ceiprivorubeo\/wp-json\/wp\/v2\/posts\/720\/revisions"}],"predecessor-version":[{"id":721,"href":"https:\/\/agora.xtec.cat\/ceiprivorubeo\/wp-json\/wp\/v2\/posts\/720\/revisions\/721"}],"wp:featuredmedia":[{"embeddable":true,"href":"https:\/\/agora.xtec.cat\/ceiprivorubeo\/wp-json\/wp\/v2\/media\/778"}],"wp:attachment":[{"href":"https:\/\/agora.xtec.cat\/ceiprivorubeo\/wp-json\/wp\/v2\/media?parent=720"}],"wp:term":[{"taxonomy":"category","embeddable":true,"href":"https:\/\/agora.xtec.cat\/ceiprivorubeo\/wp-json\/wp\/v2\/categories?post=720"},{"taxonomy":"post_tag","embeddable":true,"href":"https:\/\/agora.xtec.cat\/ceiprivorubeo\/wp-json\/wp\/v2\/tags?post=720"}],"curies":[{"name":"wp","href":"https:\/\/api.w.org\/{rel}","templated":true}]}}