{"id":710,"date":"2022-05-10T21:21:52","date_gmt":"2022-05-10T19:21:52","guid":{"rendered":"https:\/\/agora.xtec.cat\/ceiprivorubeo\/?p=710"},"modified":"2022-06-14T13:42:35","modified_gmt":"2022-06-14T11:42:35","slug":"biblioteca-escolar","status":"publish","type":"post","link":"https:\/\/agora.xtec.cat\/ceiprivorubeo\/altres-projectes\/biblioteca-escolar\/","title":{"rendered":"Biblioteca Escolar"},"content":{"rendered":"<h2>Presentaci\u00f3 de la Biblioteca Escolar del Rivo<\/h2>\n<p>Els passats 27 de gener i 3 de febrer, v\u00e0rem presentar el nostre projecte de biblioteca escolar a mestres i professor\/es vinguts de centres de tot el Vall\u00e8s Occidental. Ens sentim satisfets d\u2019haver estat motiu per a una trobada que va resultar molt profitosa per a tots plegats i especialment orgullosos de mostrar la vida de la nostra biblioteca que enguany compleix, juntament amb el Centre, els seus primers 10 anys.<\/p>\n<p>Us deixem, a continuaci\u00f3, la presentaci\u00f3 que es va exposar als assistents.<\/p>\n<p><iframe loading=\"lazy\" style=\"border: 1px solid #CCC; border-width: 1px; margin-bottom: 5px; max-width: 100%;\" src=\"\/\/www.slideshare.net\/slideshow\/embed_code\/key\/3r9s4d1zshorL8\" width=\"595\" height=\"485\" frameborder=\"0\" marginwidth=\"0\" marginheight=\"0\" scrolling=\"no\" allowfullscreen=\"allowfullscreen\"> <\/iframe><\/p>\n<div style=\"margin-bottom: 5px;\"><strong> <a title=\"Presentaci\u00f3 biblioteca gener 2016\" href=\"\/\/www.slideshare.net\/rivorubeo\/presentaci-biblioteca-gener-2016\" target=\"_blank\" rel=\"noopener\">Presentaci\u00f3 biblioteca gener 2016<\/a> <\/strong> from <strong><a href=\"\/\/www.slideshare.net\/rivorubeo\" target=\"_blank\" rel=\"noopener\">rivorubeo<\/a><\/strong><\/div>\n<p>&nbsp;<\/p>\n<p>Aix\u00ed mateix, tal i com v\u00e0rem oferir, penjem un parell de presentacions per a guiar els nous usuaris de l&#8217;eP\u00e8rgam.<\/p>\n<p><iframe loading=\"lazy\" style=\"border: 1px solid #CCC; border-width: 1px; margin-bottom: 5px; max-width: 100%;\" src=\"\/\/www.slideshare.net\/slideshow\/embed_code\/key\/gw7INuMKseMfAA\" width=\"595\" height=\"485\" frameborder=\"0\" marginwidth=\"0\" marginheight=\"0\" scrolling=\"no\" allowfullscreen=\"allowfullscreen\"> <\/iframe><\/p>\n<div style=\"margin-bottom: 5px;\"><strong> <a title=\"Com fer pr\u00e9stecs amb l'e p\u00e8rgam\" href=\"\/\/www.slideshare.net\/rivorubeo\/com-fer-prstecs-amb-le-prgam\" target=\"_blank\" rel=\"noopener\">Com fer pr\u00e9stecs amb l&#8217;e p\u00e8rgam<\/a> <\/strong> from <strong><a href=\"\/\/www.slideshare.net\/rivorubeo\" target=\"_blank\" rel=\"noopener\">rivorubeo<\/a><\/strong><\/div>\n<p><iframe loading=\"lazy\" style=\"border: 1px solid #CCC; border-width: 1px; margin-bottom: 5px; max-width: 100%;\" src=\"\/\/www.slideshare.net\/slideshow\/embed_code\/key\/LPFlCIGNiawf8q\" width=\"595\" height=\"485\" frameborder=\"0\" marginwidth=\"0\" marginheight=\"0\" scrolling=\"no\" allowfullscreen=\"allowfullscreen\"> <\/iframe><\/p>\n<div style=\"margin-bottom: 5px;\"><strong> <a title=\"Puc consultar des d'on vulgui els llibres de l'escola!\" href=\"\/\/www.slideshare.net\/rivorubeo\/puc-consultar-des-don-vulgui-els-llibres-de-lescola\" target=\"_blank\" rel=\"noopener\">Puc consultar des d&#8217;on vulgui els llibres de l&#8217;escola!<\/a> <\/strong> from <strong><a href=\"\/\/www.slideshare.net\/rivorubeo\" target=\"_blank\" rel=\"noopener\">rivorubeo<\/a><\/strong><\/div>\n<h2><\/h2>\n<h2>Cada casa \u00e9s un M\u00f3n&#8230; d&#8217;emocions!<\/h2>\n<p>Durant el curs 2014-15, tots els alumnes de l&#8217;escola v\u00e0ren reflexionar, investigar, crear&#8230; al voltant de les cases i les emocions. Aquest va ser l&#8217;eix que va fer girar l&#8217;escola des de Carnaval fins a St. Jordi.<\/p>\n<p>En aquesta presentaci\u00f3 hi trobareu un recull de les activitats que es van dur a terme:<\/p>\n<p><iframe loading=\"lazy\" style=\"border: 1px solid #CCC; border-width: 1px; margin-bottom: 5px; max-width: 100%;\" src=\"\/\/www.slideshare.net\/slideshow\/embed_code\/key\/aNisdettJxtkbK\" width=\"595\" height=\"485\" frameborder=\"0\" marginwidth=\"0\" marginheight=\"0\" scrolling=\"no\" allowfullscreen=\"allowfullscreen\"> <\/iframe><\/p>\n<div style=\"margin-bottom: 5px;\"><strong> <a title=\"Presentaci\u00f3 cada casa \u00e9s un m\u00f3n...d'emocions\" href=\"\/\/www.slideshare.net\/rivorubeo\/presentaci-cada-casa-s-un-mndemocions\" target=\"_blank\" rel=\"noopener\">Presentaci\u00f3 cada casa \u00e9s un m\u00f3n&#8230;d&#8217;emocions<\/a> <\/strong> from <strong><a href=\"\/\/www.slideshare.net\/rivorubeo\" target=\"_blank\" rel=\"noopener\">rivorubeo<\/a><\/strong><\/div>\n","protected":false},"excerpt":{"rendered":"<p>Presentaci\u00f3 de la Biblioteca Escolar del Rivo<br \/>\nEls passats 27 de gener i 3 de febrer, v\u00e0rem presentar el nostre projecte de biblioteca escolar a mestres i professor\/es vinguts de centres de tot el Vall\u00e8s Occidental. Ens sentim satisfets d\u2019haver estat motiu per a una trobada&hellip;  <a href=\"https:\/\/agora.xtec.cat\/ceiprivorubeo\/altres-projectes\/biblioteca-escolar\/\" title=\"Read Biblioteca Escolar\">Llegeix m\u00e9s\u00bb<\/a><\/p>\n","protected":false},"author":4,"featured_media":779,"comment_status":"closed","ping_status":"closed","sticky":false,"template":"","format":"standard","meta":{"_bbp_topic_count":0,"_bbp_reply_count":0,"_bbp_total_topic_count":0,"_bbp_total_reply_count":0,"_bbp_voice_count":0,"_bbp_anonymous_reply_count":0,"_bbp_topic_count_hidden":0,"_bbp_reply_count_hidden":0,"_bbp_forum_subforum_count":0,"footnotes":""},"categories":[70],"tags":[],"class_list":["post-710","post","type-post","status-publish","format-standard","has-post-thumbnail","hentry","category-altres-projectes"],"post_mailing_queue_ids":[],"_links":{"self":[{"href":"https:\/\/agora.xtec.cat\/ceiprivorubeo\/wp-json\/wp\/v2\/posts\/710","targetHints":{"allow":["GET"]}}],"collection":[{"href":"https:\/\/agora.xtec.cat\/ceiprivorubeo\/wp-json\/wp\/v2\/posts"}],"about":[{"href":"https:\/\/agora.xtec.cat\/ceiprivorubeo\/wp-json\/wp\/v2\/types\/post"}],"author":[{"embeddable":true,"href":"https:\/\/agora.xtec.cat\/ceiprivorubeo\/wp-json\/wp\/v2\/users\/4"}],"replies":[{"embeddable":true,"href":"https:\/\/agora.xtec.cat\/ceiprivorubeo\/wp-json\/wp\/v2\/comments?post=710"}],"version-history":[{"count":3,"href":"https:\/\/agora.xtec.cat\/ceiprivorubeo\/wp-json\/wp\/v2\/posts\/710\/revisions"}],"predecessor-version":[{"id":716,"href":"https:\/\/agora.xtec.cat\/ceiprivorubeo\/wp-json\/wp\/v2\/posts\/710\/revisions\/716"}],"wp:featuredmedia":[{"embeddable":true,"href":"https:\/\/agora.xtec.cat\/ceiprivorubeo\/wp-json\/wp\/v2\/media\/779"}],"wp:attachment":[{"href":"https:\/\/agora.xtec.cat\/ceiprivorubeo\/wp-json\/wp\/v2\/media?parent=710"}],"wp:term":[{"taxonomy":"category","embeddable":true,"href":"https:\/\/agora.xtec.cat\/ceiprivorubeo\/wp-json\/wp\/v2\/categories?post=710"},{"taxonomy":"post_tag","embeddable":true,"href":"https:\/\/agora.xtec.cat\/ceiprivorubeo\/wp-json\/wp\/v2\/tags?post=710"}],"curies":[{"name":"wp","href":"https:\/\/api.w.org\/{rel}","templated":true}]}}