{"id":706,"date":"2022-05-10T21:03:05","date_gmt":"2022-05-10T19:03:05","guid":{"rendered":"https:\/\/agora.xtec.cat\/ceiprivorubeo\/?p=706"},"modified":"2022-06-14T13:42:39","modified_gmt":"2022-06-14T11:42:39","slug":"plec-pla-lector","status":"publish","type":"post","link":"https:\/\/agora.xtec.cat\/ceiprivorubeo\/altres-projectes\/plec-pla-lector\/","title":{"rendered":"PLEC &#8211; Pla Lector"},"content":{"rendered":"<p><a href=\"https:\/\/drive.google.com\/file\/d\/0Bxg0UJ63ABssc0t4YllaTENid2c\/view?usp=sharing\">Aqu\u00ed<\/a>, podeu consultar el nostre Pla Lector. El PLEC, \u00e9s el document que ofereix la base des de la qual es vertebra el proc\u00e9s d\u2019alfabetitzaci\u00f3 i el desenvolupament de la compet\u00e8ncia ling\u00fc\u00edstica al nostre Centre.<\/p>\n<p><a href=\"https:\/\/drive.google.com\/file\/d\/0Bxg0UJ63ABssc0t4YllaTENid2c\/view?usp=sharing\">PLEC &#8211; Pla Lector<\/a><\/p>\n<p><a href=\"https:\/\/drive.google.com\/file\/d\/0Bxg0UJ63ABssc0t4YllaTENid2c\/view?usp=sharing\"><br \/>\n<img loading=\"lazy\" decoding=\"async\" class=\"size-large wp-image-708\" style=\"margin-right: 35px;\" src=\"https:\/\/agora.xtec.cat\/ceiprivorubeo\/wp-content\/uploads\/usu2655\/2022\/05\/PLEC1.jpg\" alt=\"\" width=\"358\" height=\"268\" srcset=\"https:\/\/agora.xtec.cat\/ceiprivorubeo\/wp-content\/uploads\/usu2655\/2022\/05\/PLEC1.jpg 600w, https:\/\/agora.xtec.cat\/ceiprivorubeo\/wp-content\/uploads\/usu2655\/2022\/05\/PLEC1-300x225.jpg 300w, https:\/\/agora.xtec.cat\/ceiprivorubeo\/wp-content\/uploads\/usu2655\/2022\/05\/PLEC1-200x150.jpg 200w\" sizes=\"auto, (max-width: 358px) 100vw, 358px\" \/> <img loading=\"lazy\" decoding=\"async\" class=\"size-large wp-image-707\" src=\"https:\/\/agora.xtec.cat\/ceiprivorubeo\/wp-content\/uploads\/usu2655\/2022\/05\/PLEC2.jpg\" alt=\"\" width=\"358\" height=\"268\" srcset=\"https:\/\/agora.xtec.cat\/ceiprivorubeo\/wp-content\/uploads\/usu2655\/2022\/05\/PLEC2.jpg 600w, https:\/\/agora.xtec.cat\/ceiprivorubeo\/wp-content\/uploads\/usu2655\/2022\/05\/PLEC2-300x225.jpg 300w, https:\/\/agora.xtec.cat\/ceiprivorubeo\/wp-content\/uploads\/usu2655\/2022\/05\/PLEC2-200x150.jpg 200w\" sizes=\"auto, (max-width: 358px) 100vw, 358px\" \/><br \/>\n<\/a><\/p>\n","protected":false},"excerpt":{"rendered":"<p><a href=\"https:\/\/drive.google.com\/file\/d\/0Bxg0UJ63ABssc0t4YllaTENid2c\/view?usp=sharing\">Aqu\u00ed<\/a>, podeu consultar el nostre Pla Lector. El PLEC, \u00e9s el document que ofereix la base des de la qual es vertebra el proc\u00e9s d\u2019alfabetitzaci\u00f3 i el desenvolupament de la compet\u00e8ncia ling\u00fc\u00edstica al nostre Centre.<br \/>\n<a href=\"https:\/\/drive.google.com\/file\/d\/0Bxg0UJ63ABssc0t4YllaTENid2c\/view?usp=sharing\">PLEC &#8211; Pla Lector<\/a><br \/>\n<a href=\"https:\/\/drive.google.com\/file\/d\/0Bxg0UJ63ABssc0t4YllaTENid2c\/view?usp=sharing\"><\/p>\n<p><\/a><\/p>\n","protected":false},"author":4,"featured_media":0,"comment_status":"closed","ping_status":"closed","sticky":false,"template":"","format":"standard","meta":{"_bbp_topic_count":0,"_bbp_reply_count":0,"_bbp_total_topic_count":0,"_bbp_total_reply_count":0,"_bbp_voice_count":0,"_bbp_anonymous_reply_count":0,"_bbp_topic_count_hidden":0,"_bbp_reply_count_hidden":0,"_bbp_forum_subforum_count":0,"footnotes":""},"categories":[70],"tags":[],"class_list":["post-706","post","type-post","status-publish","format-standard","hentry","category-altres-projectes"],"post_mailing_queue_ids":[],"_links":{"self":[{"href":"https:\/\/agora.xtec.cat\/ceiprivorubeo\/wp-json\/wp\/v2\/posts\/706","targetHints":{"allow":["GET"]}}],"collection":[{"href":"https:\/\/agora.xtec.cat\/ceiprivorubeo\/wp-json\/wp\/v2\/posts"}],"about":[{"href":"https:\/\/agora.xtec.cat\/ceiprivorubeo\/wp-json\/wp\/v2\/types\/post"}],"author":[{"embeddable":true,"href":"https:\/\/agora.xtec.cat\/ceiprivorubeo\/wp-json\/wp\/v2\/users\/4"}],"replies":[{"embeddable":true,"href":"https:\/\/agora.xtec.cat\/ceiprivorubeo\/wp-json\/wp\/v2\/comments?post=706"}],"version-history":[{"count":1,"href":"https:\/\/agora.xtec.cat\/ceiprivorubeo\/wp-json\/wp\/v2\/posts\/706\/revisions"}],"predecessor-version":[{"id":709,"href":"https:\/\/agora.xtec.cat\/ceiprivorubeo\/wp-json\/wp\/v2\/posts\/706\/revisions\/709"}],"wp:attachment":[{"href":"https:\/\/agora.xtec.cat\/ceiprivorubeo\/wp-json\/wp\/v2\/media?parent=706"}],"wp:term":[{"taxonomy":"category","embeddable":true,"href":"https:\/\/agora.xtec.cat\/ceiprivorubeo\/wp-json\/wp\/v2\/categories?post=706"},{"taxonomy":"post_tag","embeddable":true,"href":"https:\/\/agora.xtec.cat\/ceiprivorubeo\/wp-json\/wp\/v2\/tags?post=706"}],"curies":[{"name":"wp","href":"https:\/\/api.w.org\/{rel}","templated":true}]}}