{"id":599,"date":"2022-04-27T13:46:24","date_gmt":"2022-04-27T11:46:24","guid":{"rendered":"https:\/\/agora.xtec.cat\/ceiprivorubeo\/?p=599"},"modified":"2022-09-09T11:32:46","modified_gmt":"2022-09-09T09:32:46","slug":"us-donem-la-benvinguda-a-la-nova-web-de-lescola","status":"publish","type":"post","link":"https:\/\/agora.xtec.cat\/ceiprivorubeo\/general\/us-donem-la-benvinguda-a-la-nova-web-de-lescola\/","title":{"rendered":"Us donem la benvinguda a la nova web de l&#8217;escola!"},"content":{"rendered":"<p>Estrenem nova p\u00e0gina web!<\/p>\n<p>Nova est\u00e8tica, nou men\u00fa, informaci\u00f3 m\u00e9s a l&#8217;abast.<\/p>\n<p>Us convidem a navegar pels diferents apartats de la web.<\/p>\n<p>Com podeu veure clicant al men\u00fa, hem destacat tres grans aspectes de l&#8217;escola.<\/p>\n<ul>\n<li>D&#8217;una banda els apartats m\u00e9s aviat informatius sobre el centre, a l&#8217;apartat <a href=\"https:\/\/agora.xtec.cat\/ceiprivorubeo\/lescola\/\">&#8220;L&#8217;escola&#8221;<\/a>.<\/li>\n<li>A l&#8217;apartat &#8220;<a class=\"menu-link main-menu-link\" style=\"font-family: inherit; font-size: 1em;\" href=\"https:\/\/agora.xtec.cat\/ceiprivorubeo\/calendari-del-curs\/\">Informaci\u00f3 general del curs&#8221;<\/a><span style=\"font-family: inherit; font-size: 1em;\"> s&#8217;hi posaran les informacions del curs. En els propers dies s&#8217;hi penjaran, per exemple, les recomanacions per les vacances.<\/span><\/li>\n<li>En un tercer apartat, <a style=\"font-family: inherit; font-size: 1em;\" href=\"https:\/\/agora.xtec.cat\/ceiprivorubeo\/projecte-educatiu\/\">&#8220;Aprendre a l&#8217;escola Rivo Rubeo&#8221;<\/a><span style=\"font-family: inherit; font-size: 1em;\"> trobareu la informaci\u00f3 m\u00e9s aviat qualitativa, el nostre projecte educatiu. Com aprenem a l&#8217;escola? Quins son els nostres trets d&#8217;identitat? En aquest apartat hi trobareu aquesta informaci\u00f3 juntament amb el projecte educatiu de centre, el projecte de direcci\u00f3 i altres projectes.<\/span><\/li>\n<li>A <a href=\"https:\/\/agora.xtec.cat\/ceiprivorubeo\/nivells\/\">&#8220;La vida a les aules&#8221; <\/a>hi trobareu els blocs d&#8217;aula que es comen\u00e7aran a posar en marxa el proper curs.<\/li>\n<li>A l&#8217;apartat <a href=\"https:\/\/agora.xtec.cat\/ceiprivorubeo\/categoria\/butlleti\/\">&#8220;Butllet\u00ed&#8221;<\/a> s&#8217;hi aniran penjant els butlletins publicats i hi trobareu l&#8217;enlla\u00e7 de subscripci\u00f3.<\/li>\n<li>L&#8217;apartat de l&#8217;<a href=\"https:\/\/agora.xtec.cat\/ceiprivorubeo\/categoria\/afa\/\">AFA<\/a> recull tota la informaci\u00f3 sobre l&#8217;AFA de l&#8217;escola, aix\u00ed com els serveis que ofereix, el servei de Menjador i Extraescolars<\/li>\n<li>Finalment, l&#8217;apartat de <a href=\"https:\/\/agora.xtec.cat\/ceiprivorubeo\/docs\/\">Documents<\/a> us dona acc\u00e9s a certs documnents que feu servir recurrentment, com el full d&#8217;instruccions de pagament del SIMAT.<\/li>\n<\/ul>\n<p>Aquest nou format de web ens permetr\u00e0 ser m\u00e9s din\u00e0miques a l&#8217;hora de publicar les informacions.<\/p>\n<p>Esperem que us agradi i pugueu anar-vos-hi acostumant poc a poc!<\/p>\n<p>&nbsp;<\/p>\n<p>Benvingudes de nou!<\/p>\n","protected":false},"excerpt":{"rendered":"<p>Estrenem nova p\u00e0gina web!<br \/>\nNova est\u00e8tica, nou men\u00fa, informaci\u00f3 m\u00e9s a l&#8217;abast.<br \/>\nUs convidem a navegar pels diferents apartats de la web.<br \/>\nCom podeu veure clicant al men\u00fa, hem destacat tres grans aspectes de l&#8217;escola.<\/p>\n<ul>\n<li>D&#8217;una banda els apartats m\u00e9s aviat informatius sobre el centre, a l&#8217;apartat <a href=\"https:\/\/agora.xtec.cat\/ceiprivorubeo\/lescola\/\">&#8220;L&#8217;escola&#8221;<\/a>.<\/li>\n<li>A&hellip;  <a href=\"https:\/\/agora.xtec.cat\/ceiprivorubeo\/general\/us-donem-la-benvinguda-a-la-nova-web-de-lescola\/\" title=\"Read Us donem la benvinguda a la nova web de l&#8217;escola!\">Llegeix m\u00e9s\u00bb<\/a><br \/>\n","protected":false},"author":1,"featured_media":676,"comment_status":"closed","ping_status":"closed","sticky":false,"template":"","format":"standard","meta":{"_bbp_topic_count":0,"_bbp_reply_count":0,"_bbp_total_topic_count":0,"_bbp_total_reply_count":0,"_bbp_voice_count":0,"_bbp_anonymous_reply_count":0,"_bbp_topic_count_hidden":0,"_bbp_reply_count_hidden":0,"_bbp_forum_subforum_count":0,"footnotes":""},"categories":[1,4],"tags":[],"class_list":["post-599","post","type-post","status-publish","format-standard","has-post-thumbnail","hentry","category-general","category-portada"],"post_mailing_queue_ids":[],"_links":{"self":[{"href":"https:\/\/agora.xtec.cat\/ceiprivorubeo\/wp-json\/wp\/v2\/posts\/599","targetHints":{"allow":["GET"]}}],"collection":[{"href":"https:\/\/agora.xtec.cat\/ceiprivorubeo\/wp-json\/wp\/v2\/posts"}],"about":[{"href":"https:\/\/agora.xtec.cat\/ceiprivorubeo\/wp-json\/wp\/v2\/types\/post"}],"author":[{"embeddable":true,"href":"https:\/\/agora.xtec.cat\/ceiprivorubeo\/wp-json\/wp\/v2\/users\/1"}],"replies":[{"embeddable":true,"href":"https:\/\/agora.xtec.cat\/ceiprivorubeo\/wp-json\/wp\/v2\/comments?post=599"}],"version-history":[{"count":3,"href":"https:\/\/agora.xtec.cat\/ceiprivorubeo\/wp-json\/wp\/v2\/posts\/599\/revisions"}],"predecessor-version":[{"id":988,"href":"https:\/\/agora.xtec.cat\/ceiprivorubeo\/wp-json\/wp\/v2\/posts\/599\/revisions\/988"}],"wp:featuredmedia":[{"embeddable":true,"href":"https:\/\/agora.xtec.cat\/ceiprivorubeo\/wp-json\/wp\/v2\/media\/676"}],"wp:attachment":[{"href":"https:\/\/agora.xtec.cat\/ceiprivorubeo\/wp-json\/wp\/v2\/media?parent=599"}],"wp:term":[{"taxonomy":"category","embeddable":true,"href":"https:\/\/agora.xtec.cat\/ceiprivorubeo\/wp-json\/wp\/v2\/categories?post=599"},{"taxonomy":"post_tag","embeddable":true,"href":"https:\/\/agora.xtec.cat\/ceiprivorubeo\/wp-json\/wp\/v2\/tags?post=599"}],"curies":[{"name":"wp","href":"https:\/\/api.w.org\/{rel}","templated":true}]}}