{"id":5106,"date":"2026-04-23T13:41:14","date_gmt":"2026-04-23T11:41:14","guid":{"rendered":"https:\/\/agora.xtec.cat\/ceiprivorubeo\/?p=5106"},"modified":"2026-04-23T17:30:15","modified_gmt":"2026-04-23T15:30:15","slug":"llegim-per-tu-paraules-al-mercat","status":"publish","type":"post","link":"https:\/\/agora.xtec.cat\/ceiprivorubeo\/general\/llegim-per-tu-paraules-al-mercat\/","title":{"rendered":"\u201cLlegim per tu: paraules al mercat\u201d"},"content":{"rendered":"<p>El passat divendres 17 d&#8217;abril l&#8217;alumnat de 5\u00e8 de l&#8217;escola va participar de la jornada\u00a0\u00a0\u201cLlegim per tu: paraules al mercat\u201d<\/p>\n<div>On quatre alumnes representants dels dos grups classe han gaudit del recital de lectura de poemes en veu alta junt amb altres centre educatius, omplint la pla\u00e7a del mercat de paraules plenes de m\u00fasica i sentiments. En el nostre cas els poemes escollits eren inspirats en la tem\u00e0tica de la Festa Major, el nostre tema d&#8217;aquest curs.<\/div>\n<div><\/div>\n<div>La lectura dels poemes ha estat un bon escalfament pel recital literari que tot l&#8217;alumnat de cinqu\u00e8 ens regalar\u00e0 per la diada de Sant Jordi.<span style=\"color: #000000; font-family: Lato, sans-serif;\"><b><br \/>\n<\/b><\/span><\/p>\n<div><\/div>\n<div>Veieu la not\u00edcia al portal del Seminari biblioteques en els serveis educatius del municipi<\/div>\n<div><\/div>\n<div><b><span style=\"color: #0000ff;\"><a href=\"https:\/\/serveiseducatius.xtec.cat\/vallesoccidental3\/general\/paraules-al-mercat-lectura-de-poemes\/\" target=\"_blank\" rel=\"noopener\" data-saferedirecturl=\"https:\/\/www.google.com\/url?q=https:\/\/serveiseducatius.xtec.cat\/vallesoccidental3\/general\/paraules-al-mercat-lectura-de-poemes\/&amp;source=gmail&amp;ust=1777030760549000&amp;usg=AOvVaw0qc4dF55sLi13ZX7sKrK1I\">https:\/\/serveiseducatius.xtec.<wbr \/>cat\/vallesoccidental3\/general\/<wbr \/>paraules-al-mercat-lectura-de-<wbr \/>poemes\/<\/a><\/span><\/b><\/div>\n<div><\/div>\n<div><img loading=\"lazy\" decoding=\"async\" class=\"CToWUd a6T aligncenter\" tabindex=\"0\" src=\"https:\/\/mail.google.com\/mail\/u\/0?ui=2&amp;ik=e4d7b9a54a&amp;attid=0.1&amp;permmsgid=msg-f:1863091945443267869&amp;th=19db0840d809951d&amp;view=fimg&amp;fur=ip&amp;permmsgid=msg-f:1863091945443267869&amp;sz=s0-l75-ft&amp;attbid=ANGjdJ_NhzgZl36Jg8xIlDyBY82oQ2NobcBGp5K0Rry3oBj1gJj_EzcKtZF7KPDT6-qpxfuDqLBH9cFNjggGAnWNMjptNMrH7RlsxzQMuRgDf7ODbUcauGViOnmLVV8&amp;disp=emb&amp;realattid=ii_mo8qktar0&amp;zw\" alt=\"image.png\" width=\"505\" height=\"149\" data-image-whitelisted=\"\" data-bit=\"iit\" \/><\/div>\n<\/div>\n","protected":false},"excerpt":{"rendered":"<p>El passat divendres 17 d&#8217;abril l&#8217;alumnat de 5\u00e8 de l&#8217;escola va participar de la jornada\u00a0\u00a0\u201cLlegim per tu: paraules al mercat\u201d<br \/>\nOn quatre alumnes representants dels dos grups classe han gaudit del recital de lectura de poemes en veu alta junt amb altres centre educatius, omplint la&hellip;  <a href=\"https:\/\/agora.xtec.cat\/ceiprivorubeo\/general\/llegim-per-tu-paraules-al-mercat\/\" title=\"Read \u201cLlegim per tu: paraules al mercat\u201d\">Llegeix m\u00e9s\u00bb<\/a><\/p>\n","protected":false},"author":1,"featured_media":0,"comment_status":"open","ping_status":"open","sticky":false,"template":"","format":"standard","meta":{"_bbp_topic_count":0,"_bbp_reply_count":0,"_bbp_total_topic_count":0,"_bbp_total_reply_count":0,"_bbp_voice_count":0,"_bbp_anonymous_reply_count":0,"_bbp_topic_count_hidden":0,"_bbp_reply_count_hidden":0,"_bbp_forum_subforum_count":0,"footnotes":""},"categories":[91,65,1,4],"tags":[],"class_list":["post-5106","post","type-post","status-publish","format-standard","hentry","category-biblioteca","category-butlleti","category-general","category-portada"],"post_mailing_queue_ids":[],"_links":{"self":[{"href":"https:\/\/agora.xtec.cat\/ceiprivorubeo\/wp-json\/wp\/v2\/posts\/5106","targetHints":{"allow":["GET"]}}],"collection":[{"href":"https:\/\/agora.xtec.cat\/ceiprivorubeo\/wp-json\/wp\/v2\/posts"}],"about":[{"href":"https:\/\/agora.xtec.cat\/ceiprivorubeo\/wp-json\/wp\/v2\/types\/post"}],"author":[{"embeddable":true,"href":"https:\/\/agora.xtec.cat\/ceiprivorubeo\/wp-json\/wp\/v2\/users\/1"}],"replies":[{"embeddable":true,"href":"https:\/\/agora.xtec.cat\/ceiprivorubeo\/wp-json\/wp\/v2\/comments?post=5106"}],"version-history":[{"count":1,"href":"https:\/\/agora.xtec.cat\/ceiprivorubeo\/wp-json\/wp\/v2\/posts\/5106\/revisions"}],"predecessor-version":[{"id":5107,"href":"https:\/\/agora.xtec.cat\/ceiprivorubeo\/wp-json\/wp\/v2\/posts\/5106\/revisions\/5107"}],"wp:attachment":[{"href":"https:\/\/agora.xtec.cat\/ceiprivorubeo\/wp-json\/wp\/v2\/media?parent=5106"}],"wp:term":[{"taxonomy":"category","embeddable":true,"href":"https:\/\/agora.xtec.cat\/ceiprivorubeo\/wp-json\/wp\/v2\/categories?post=5106"},{"taxonomy":"post_tag","embeddable":true,"href":"https:\/\/agora.xtec.cat\/ceiprivorubeo\/wp-json\/wp\/v2\/tags?post=5106"}],"curies":[{"name":"wp","href":"https:\/\/api.w.org\/{rel}","templated":true}]}}