{"id":5093,"date":"2026-04-17T17:06:19","date_gmt":"2026-04-17T15:06:19","guid":{"rendered":"https:\/\/agora.xtec.cat\/ceiprivorubeo\/?p=5093"},"modified":"2026-04-17T17:06:19","modified_gmt":"2026-04-17T15:06:19","slug":"22-dabril-dia-de-la-terra","status":"publish","type":"post","link":"https:\/\/agora.xtec.cat\/ceiprivorubeo\/general\/escola-verda\/22-dabril-dia-de-la-terra\/","title":{"rendered":"22 D&#8217;ABRIL DIA DE LA TERRA"},"content":{"rendered":"<p>Hola, fam\u00edlies.<\/p>\n<p>Des de la comissi\u00f3 de Medi Ambient volem agrair la vostra participaci\u00f3 de fa uns mesos en la proposta del Dia Mundial de l&#8217;Educaci\u00f3 Ambiental del dia 26 de gener.<\/p>\n<p>Compartim amb vosaltres una selecci\u00f3 de les imatges que representen, a trav\u00e9s dels <strong><a href=\"https:\/\/drive.google.com\/drive\/folders\/1pYbSkGhOe5UN6F7n0BmLEOvwS9seKyOK?usp=sharing\">dibuixos<\/a><\/strong> dels infants, les accions que feu en el vostre dia a dia per tenir cura del nostre planeta Terra.<\/p>\n<p>\u00c9s important crear h\u00e0bits sostenibles des de l&#8217;escola, aix\u00ed doncs, us animem a participar de les diferents <strong><a href=\"https:\/\/www.rubi.cat\/ca\/temes\/medi-ambient\/residus\/diadelaterra\/programa-2026\">propostes<\/a><\/strong> que es fan en el nostre municipi per celebrar el Dia de la Terra el pr\u00f2xim 22 d&#8217;abril.<\/p>\n<p>Fomentar la sostenibilitat i la cura del nostre entorn \u00e9s molt important pel nostre alumnat!<\/p>\n","protected":false},"excerpt":{"rendered":"<p>Hola, fam\u00edlies.<br \/>\nDes de la comissi\u00f3 de Medi Ambient volem agrair la vostra participaci\u00f3 de fa uns mesos en la proposta del Dia Mundial de l&#8217;Educaci\u00f3 Ambiental del dia 26 de gener.<br \/>\nCompartim amb vosaltres una selecci\u00f3 de les imatges que representen, a trav\u00e9s dels <a href=\"https:\/\/drive.google.com\/drive\/folders\/1pYbSkGhOe5UN6F7n0BmLEOvwS9seKyOK?usp=sharing\">dibuixos<\/a>&hellip;  <a href=\"https:\/\/agora.xtec.cat\/ceiprivorubeo\/general\/escola-verda\/22-dabril-dia-de-la-terra\/\" title=\"Read 22 D&#8217;ABRIL DIA DE LA TERRA\">Llegeix m\u00e9s\u00bb<\/a><\/p>\n","protected":false},"author":12,"featured_media":5096,"comment_status":"closed","ping_status":"closed","sticky":false,"template":"","format":"standard","meta":{"_bbp_topic_count":0,"_bbp_reply_count":0,"_bbp_total_topic_count":0,"_bbp_total_reply_count":0,"_bbp_voice_count":0,"_bbp_anonymous_reply_count":0,"_bbp_topic_count_hidden":0,"_bbp_reply_count_hidden":0,"_bbp_forum_subforum_count":0,"footnotes":""},"categories":[87],"tags":[],"class_list":["post-5093","post","type-post","status-publish","format-standard","has-post-thumbnail","hentry","category-escola-verda"],"post_mailing_queue_ids":[],"_links":{"self":[{"href":"https:\/\/agora.xtec.cat\/ceiprivorubeo\/wp-json\/wp\/v2\/posts\/5093","targetHints":{"allow":["GET"]}}],"collection":[{"href":"https:\/\/agora.xtec.cat\/ceiprivorubeo\/wp-json\/wp\/v2\/posts"}],"about":[{"href":"https:\/\/agora.xtec.cat\/ceiprivorubeo\/wp-json\/wp\/v2\/types\/post"}],"author":[{"embeddable":true,"href":"https:\/\/agora.xtec.cat\/ceiprivorubeo\/wp-json\/wp\/v2\/users\/12"}],"replies":[{"embeddable":true,"href":"https:\/\/agora.xtec.cat\/ceiprivorubeo\/wp-json\/wp\/v2\/comments?post=5093"}],"version-history":[{"count":4,"href":"https:\/\/agora.xtec.cat\/ceiprivorubeo\/wp-json\/wp\/v2\/posts\/5093\/revisions"}],"predecessor-version":[{"id":5104,"href":"https:\/\/agora.xtec.cat\/ceiprivorubeo\/wp-json\/wp\/v2\/posts\/5093\/revisions\/5104"}],"wp:featuredmedia":[{"embeddable":true,"href":"https:\/\/agora.xtec.cat\/ceiprivorubeo\/wp-json\/wp\/v2\/media\/5096"}],"wp:attachment":[{"href":"https:\/\/agora.xtec.cat\/ceiprivorubeo\/wp-json\/wp\/v2\/media?parent=5093"}],"wp:term":[{"taxonomy":"category","embeddable":true,"href":"https:\/\/agora.xtec.cat\/ceiprivorubeo\/wp-json\/wp\/v2\/categories?post=5093"},{"taxonomy":"post_tag","embeddable":true,"href":"https:\/\/agora.xtec.cat\/ceiprivorubeo\/wp-json\/wp\/v2\/tags?post=5093"}],"curies":[{"name":"wp","href":"https:\/\/api.w.org\/{rel}","templated":true}]}}