{"id":5091,"date":"2026-04-17T17:03:54","date_gmt":"2026-04-17T15:03:54","guid":{"rendered":"https:\/\/agora.xtec.cat\/ceiprivorubeo\/?p=5091"},"modified":"2026-04-17T17:03:54","modified_gmt":"2026-04-17T15:03:54","slug":"petits-gestos-grans-canvis","status":"publish","type":"post","link":"https:\/\/agora.xtec.cat\/ceiprivorubeo\/general\/escola-verda\/petits-gestos-grans-canvis\/","title":{"rendered":"PETITS GESTOS, GRANS CANVIS!"},"content":{"rendered":"<p class=\"isSelectedEnd\">Benvolgudes fam\u00edlies,<\/p>\n<p class=\"isSelectedEnd\">Ens fa molta il\u00b7lusi\u00f3 presentar-vos el blog d\u2019\u201cEscola Verda\u201d del nostre centre. Aquest espai es crea amb la voluntat de compartir amb vosaltres totes les activitats, projectes i iniciatives que duem a terme relacionades amb la sostenibilitat, el respecte pel medi ambient i l\u2019educaci\u00f3 ambiental.<\/p>\n<p class=\"isSelectedEnd\">A trav\u00e9s del blog podreu seguir de prop el dia a dia dels vostres fills i filles: sortides a la natura, projectes d\u2019hort escolar, activitats de reciclatge, tallers i moltes altres experi\u00e8ncies que fomenten la consci\u00e8ncia ambiental i el comprom\u00eds amb el nostre entorn.<\/p>\n<p class=\"isSelectedEnd\">Us animem a visitar-lo regularment i a participar-hi amb el<span style=\"font-family: inherit;font-size: 1em\">s vostres comentaris i aportacions.<\/span><\/p>\n<p class=\"isSelectedEnd\">Moltes gr\u00e0cies per la vostra col\u00b7laboraci\u00f3 i suport.<\/p>\n<p class=\"isSelectedEnd\">Atentament,<\/p>\n<p>La comissi\u00f3 de medi ambient<\/p>\n<p>&nbsp;<\/p>\n<p>&nbsp;<\/p>\n<p>&nbsp;<\/p>\n","protected":false},"excerpt":{"rendered":"<p>Benvolgudes fam\u00edlies,<br \/>\nEns fa molta il\u00b7lusi\u00f3 presentar-vos el blog d\u2019\u201cEscola Verda\u201d del nostre centre. Aquest espai es crea amb la voluntat de compartir amb vosaltres totes les activitats, projectes i iniciatives que duem a terme relacionades amb la sostenibilitat, el respecte pel medi ambient i l\u2019educaci\u00f3&hellip;  <a href=\"https:\/\/agora.xtec.cat\/ceiprivorubeo\/general\/escola-verda\/petits-gestos-grans-canvis\/\" title=\"Read PETITS GESTOS, GRANS CANVIS!\">Llegeix m\u00e9s\u00bb<\/a><\/p>\n","protected":false},"author":12,"featured_media":5103,"comment_status":"open","ping_status":"closed","sticky":false,"template":"","format":"standard","meta":{"_bbp_topic_count":0,"_bbp_reply_count":0,"_bbp_total_topic_count":0,"_bbp_total_reply_count":0,"_bbp_voice_count":0,"_bbp_anonymous_reply_count":0,"_bbp_topic_count_hidden":0,"_bbp_reply_count_hidden":0,"_bbp_forum_subforum_count":0,"footnotes":""},"categories":[87],"tags":[],"class_list":["post-5091","post","type-post","status-publish","format-standard","has-post-thumbnail","hentry","category-escola-verda"],"post_mailing_queue_ids":[],"_links":{"self":[{"href":"https:\/\/agora.xtec.cat\/ceiprivorubeo\/wp-json\/wp\/v2\/posts\/5091","targetHints":{"allow":["GET"]}}],"collection":[{"href":"https:\/\/agora.xtec.cat\/ceiprivorubeo\/wp-json\/wp\/v2\/posts"}],"about":[{"href":"https:\/\/agora.xtec.cat\/ceiprivorubeo\/wp-json\/wp\/v2\/types\/post"}],"author":[{"embeddable":true,"href":"https:\/\/agora.xtec.cat\/ceiprivorubeo\/wp-json\/wp\/v2\/users\/12"}],"replies":[{"embeddable":true,"href":"https:\/\/agora.xtec.cat\/ceiprivorubeo\/wp-json\/wp\/v2\/comments?post=5091"}],"version-history":[{"count":2,"href":"https:\/\/agora.xtec.cat\/ceiprivorubeo\/wp-json\/wp\/v2\/posts\/5091\/revisions"}],"predecessor-version":[{"id":5097,"href":"https:\/\/agora.xtec.cat\/ceiprivorubeo\/wp-json\/wp\/v2\/posts\/5091\/revisions\/5097"}],"wp:featuredmedia":[{"embeddable":true,"href":"https:\/\/agora.xtec.cat\/ceiprivorubeo\/wp-json\/wp\/v2\/media\/5103"}],"wp:attachment":[{"href":"https:\/\/agora.xtec.cat\/ceiprivorubeo\/wp-json\/wp\/v2\/media?parent=5091"}],"wp:term":[{"taxonomy":"category","embeddable":true,"href":"https:\/\/agora.xtec.cat\/ceiprivorubeo\/wp-json\/wp\/v2\/categories?post=5091"},{"taxonomy":"post_tag","embeddable":true,"href":"https:\/\/agora.xtec.cat\/ceiprivorubeo\/wp-json\/wp\/v2\/tags?post=5091"}],"curies":[{"name":"wp","href":"https:\/\/api.w.org\/{rel}","templated":true}]}}