{"id":5087,"date":"2026-03-27T11:51:05","date_gmt":"2026-03-27T10:51:05","guid":{"rendered":"https:\/\/agora.xtec.cat\/ceiprivorubeo\/?p=5087"},"modified":"2026-03-27T11:52:15","modified_gmt":"2026-03-27T10:52:15","slug":"dia-mundial-de-la-poesia","status":"publish","type":"post","link":"https:\/\/agora.xtec.cat\/ceiprivorubeo\/portada\/dia-mundial-de-la-poesia\/","title":{"rendered":"Dia mundial de la poesia"},"content":{"rendered":"<p>El passat\u00a0dissabte 21 de mar\u00e7 es va celebra\u00a0el\u00a0<span style=\"color: #9900ff;\"><strong>dia mundial de la\u00a0<\/strong><strong>poesia<\/strong>,\u00a0<\/span>coincidint amb l&#8217;arribada de la PRIMAVERA, i aquest any per celebra-ho, ens hem regalat\u00a0poesia cada mat\u00ed quan hem arribat a l&#8217;escola: hem parat b\u00e9 les orelles i<strong><span style=\"color: #0000ff;\">\u00a0<\/span><\/strong><strong><span style=\"color: #9900ff;\">hem sentit la poesia!\u00a0<\/span><\/strong><\/p>\n<p><a href=\"https:\/\/docs.google.com\/document\/d\/1JwoymcxJ0S2t-B2O7Jc5s_IfS3Ltsf_XryFHTZ3Y2LY\/edit?tab=t.0\" target=\"_blank\" rel=\"noopener\" data-cke-saved-href=\"https:\/\/docs.google.com\/document\/d\/1JwoymcxJ0S2t-B2O7Jc5s_IfS3Ltsf_XryFHTZ3Y2LY\/edit?tab=t.0\"><img loading=\"lazy\" decoding=\"async\" class=\"aligncenter\" src=\"https:\/\/mcusercontent.com\/23c98d4159cf6b8514c5a9ad3\/images\/8b7ebbe2-e61e-e38f-6367-3511a0f0ce1f.png\" width=\"300\" height=\"300\" data-cke-saved-src=\"https:\/\/mcusercontent.com\/23c98d4159cf6b8514c5a9ad3\/images\/8b7ebbe2-e61e-e38f-6367-3511a0f0ce1f.png\" data-file-id=\"6231341\" \/><\/a><\/p>\n<p>Cada grup des d&#8217;I3 fins a 6\u00e8 ha escollit el seu poema, i despr\u00e9s de jugar amb les paraules i fer-les fluir, ha triat uns representants per gravar-se llegint el poema en veu alta.<\/p>\n<p>Li hem posat m\u00fasica i les pistes han quedat llestes per escoltar-los per megafonia a les entrades i sortides.<\/p>\n<p>Esperem gaudiu del recital aquests \u00faltims dies del trimestre i sentiu la poesia!<br \/>\nUs adjuntem les pistes per si els voleu escoltar de nou a casa de manera m\u00e9s recollida, aix\u00ed com tamb\u00e9 la relaci\u00f3 de poemes i autors i autores recitats.<\/p>\n<p><strong><span style=\"color: #0000ff;\"><a href=\"https:\/\/docs.google.com\/document\/d\/1JwoymcxJ0S2t-B2O7Jc5s_IfS3Ltsf_XryFHTZ3Y2LY\/edit?usp=sharing\" target=\"_blank\" rel=\"noopener\" data-cke-saved-href=\"https:\/\/docs.google.com\/document\/d\/1JwoymcxJ0S2t-B2O7Jc5s_IfS3Ltsf_XryFHTZ3Y2LY\/edit?usp=sharing\">Graella\u00a0i \u00e0udio<\/a>\u00a0<\/span><\/strong>amb el el t\u00edtol i l&#8217;autoria dels 17 poemes enregistrats.<\/p>\n<p>Feli\u00e7 dia de la poesia!<\/p>\n","protected":false},"excerpt":{"rendered":"<p>El passat\u00a0dissabte 21 de mar\u00e7 es va celebra\u00a0el\u00a0dia mundial de la\u00a0poesia,\u00a0coincidint amb l&#8217;arribada de la PRIMAVERA, i aquest any per celebra-ho, ens hem regalat\u00a0poesia cada mat\u00ed quan hem arribat a l&#8217;escola: hem parat b\u00e9 les orelles i\u00a0hem sentit la poesia!\u00a0<br \/>\n<a href=\"https:\/\/docs.google.com\/document\/d\/1JwoymcxJ0S2t-B2O7Jc5s_IfS3Ltsf_XryFHTZ3Y2LY\/edit?tab=t.0\" target=\"_blank\" rel=\"noopener\" data-cke-saved-href=\"https:\/\/docs.google.com\/document\/d\/1JwoymcxJ0S2t-B2O7Jc5s_IfS3Ltsf_XryFHTZ3Y2LY\/edit?tab=t.0\"><\/a><br \/>\nCada grup&hellip;  <a href=\"https:\/\/agora.xtec.cat\/ceiprivorubeo\/portada\/dia-mundial-de-la-poesia\/\" title=\"Read Dia mundial de la poesia\">Llegeix m\u00e9s\u00bb<\/a><\/p>\n","protected":false},"author":1,"featured_media":0,"comment_status":"open","ping_status":"open","sticky":false,"template":"","format":"standard","meta":{"_bbp_topic_count":0,"_bbp_reply_count":0,"_bbp_total_topic_count":0,"_bbp_total_reply_count":0,"_bbp_voice_count":0,"_bbp_anonymous_reply_count":0,"_bbp_topic_count_hidden":0,"_bbp_reply_count_hidden":0,"_bbp_forum_subforum_count":0,"footnotes":""},"categories":[91,65,78,4],"tags":[],"class_list":["post-5087","post","type-post","status-publish","format-standard","hentry","category-biblioteca","category-butlleti","category-butlletins-publicats","category-portada"],"post_mailing_queue_ids":[],"_links":{"self":[{"href":"https:\/\/agora.xtec.cat\/ceiprivorubeo\/wp-json\/wp\/v2\/posts\/5087","targetHints":{"allow":["GET"]}}],"collection":[{"href":"https:\/\/agora.xtec.cat\/ceiprivorubeo\/wp-json\/wp\/v2\/posts"}],"about":[{"href":"https:\/\/agora.xtec.cat\/ceiprivorubeo\/wp-json\/wp\/v2\/types\/post"}],"author":[{"embeddable":true,"href":"https:\/\/agora.xtec.cat\/ceiprivorubeo\/wp-json\/wp\/v2\/users\/1"}],"replies":[{"embeddable":true,"href":"https:\/\/agora.xtec.cat\/ceiprivorubeo\/wp-json\/wp\/v2\/comments?post=5087"}],"version-history":[{"count":3,"href":"https:\/\/agora.xtec.cat\/ceiprivorubeo\/wp-json\/wp\/v2\/posts\/5087\/revisions"}],"predecessor-version":[{"id":5090,"href":"https:\/\/agora.xtec.cat\/ceiprivorubeo\/wp-json\/wp\/v2\/posts\/5087\/revisions\/5090"}],"wp:attachment":[{"href":"https:\/\/agora.xtec.cat\/ceiprivorubeo\/wp-json\/wp\/v2\/media?parent=5087"}],"wp:term":[{"taxonomy":"category","embeddable":true,"href":"https:\/\/agora.xtec.cat\/ceiprivorubeo\/wp-json\/wp\/v2\/categories?post=5087"},{"taxonomy":"post_tag","embeddable":true,"href":"https:\/\/agora.xtec.cat\/ceiprivorubeo\/wp-json\/wp\/v2\/tags?post=5087"}],"curies":[{"name":"wp","href":"https:\/\/api.w.org\/{rel}","templated":true}]}}