{"id":5074,"date":"2026-03-23T14:07:25","date_gmt":"2026-03-23T13:07:25","guid":{"rendered":"https:\/\/agora.xtec.cat\/ceiprivorubeo\/?p=5074"},"modified":"2026-03-23T14:07:51","modified_gmt":"2026-03-23T13:07:51","slug":"gaudim-de-lhivern","status":"publish","type":"post","link":"https:\/\/agora.xtec.cat\/ceiprivorubeo\/general\/gaudim-de-lhivern\/","title":{"rendered":"Gaudim de l&#8217;hivern"},"content":{"rendered":"<p class=\"isSelectedEnd\">Aquest hivern, a la classe dels Conillets i Conilletes hem viscut moltes experi\u00e8ncies plenes de creativitat, descobertes i diversi\u00f3.<\/p>\n<p class=\"isSelectedEnd\">Hem comen\u00e7at explorant materials naturals i textures, enrotllant llanes de colors al voltant de branques per crear uns m\u00f2bils ben bonics que decoren l\u2019aula i ens recorden els colors suaus de l\u2019hivern. Tamb\u00e9 hem experimentat amb escuma d\u2019afaitar i bicarbonat, una activitat sensorial que ens ha encantat i ens ha perm\u00e8s tocar, barrejar i observar qu\u00e8 passa quan combinem diferents materials.<\/p>\n<p><a href=\"https:\/\/agora.xtec.cat\/ceiprivorubeo\/wp-content\/uploads\/usu2655\/2026\/03\/20260302_103151-1-scaled.jpg\"><img loading=\"lazy\" decoding=\"async\" class=\"alignnone size-large wp-image-5079\" src=\"https:\/\/agora.xtec.cat\/ceiprivorubeo\/wp-content\/uploads\/usu2655\/2026\/03\/20260302_103151-1-1024x653.jpg\" alt=\"\" width=\"1024\" height=\"653\" srcset=\"https:\/\/agora.xtec.cat\/ceiprivorubeo\/wp-content\/uploads\/usu2655\/2026\/03\/20260302_103151-1-1024x653.jpg 1024w, https:\/\/agora.xtec.cat\/ceiprivorubeo\/wp-content\/uploads\/usu2655\/2026\/03\/20260302_103151-1-300x191.jpg 300w, https:\/\/agora.xtec.cat\/ceiprivorubeo\/wp-content\/uploads\/usu2655\/2026\/03\/20260302_103151-1-768x490.jpg 768w, https:\/\/agora.xtec.cat\/ceiprivorubeo\/wp-content\/uploads\/usu2655\/2026\/03\/20260302_103151-1-1536x980.jpg 1536w, https:\/\/agora.xtec.cat\/ceiprivorubeo\/wp-content\/uploads\/usu2655\/2026\/03\/20260302_103151-1-2048x1307.jpg 2048w\" sizes=\"auto, (max-width: 1024px) 100vw, 1024px\" \/><\/a> <a href=\"https:\/\/agora.xtec.cat\/ceiprivorubeo\/wp-content\/uploads\/usu2655\/2026\/03\/20260112_154327-1-scaled.jpg\"><img loading=\"lazy\" decoding=\"async\" class=\"alignnone size-large wp-image-5078\" src=\"https:\/\/agora.xtec.cat\/ceiprivorubeo\/wp-content\/uploads\/usu2655\/2026\/03\/20260112_154327-1-1024x727.jpg\" alt=\"\" width=\"1024\" height=\"727\" srcset=\"https:\/\/agora.xtec.cat\/ceiprivorubeo\/wp-content\/uploads\/usu2655\/2026\/03\/20260112_154327-1-1024x727.jpg 1024w, https:\/\/agora.xtec.cat\/ceiprivorubeo\/wp-content\/uploads\/usu2655\/2026\/03\/20260112_154327-1-300x213.jpg 300w, https:\/\/agora.xtec.cat\/ceiprivorubeo\/wp-content\/uploads\/usu2655\/2026\/03\/20260112_154327-1-768x545.jpg 768w, https:\/\/agora.xtec.cat\/ceiprivorubeo\/wp-content\/uploads\/usu2655\/2026\/03\/20260112_154327-1-1536x1091.jpg 1536w, https:\/\/agora.xtec.cat\/ceiprivorubeo\/wp-content\/uploads\/usu2655\/2026\/03\/20260112_154327-1-2048x1454.jpg 2048w\" sizes=\"auto, (max-width: 1024px) 100vw, 1024px\" \/><\/a><\/p>\n<p class=\"isSelectedEnd\">La part art\u00edstica tamb\u00e9 ha tingut molt de protagonisme: hem pintat als cavallets utilitzant els colors de l\u2019hivern, hem creat murals col\u00b7lectius i hem descobert noves maneres de pintar, com fer-ho sobre paper d\u2019alumini, que ens ha sorpr\u00e8s per les seves textures i efectes.<\/p>\n<p><a href=\"https:\/\/agora.xtec.cat\/ceiprivorubeo\/wp-content\/uploads\/usu2655\/2026\/03\/20260302_153119-scaled.jpg\"><img loading=\"lazy\" decoding=\"async\" class=\"alignnone size-large wp-image-5080\" src=\"https:\/\/agora.xtec.cat\/ceiprivorubeo\/wp-content\/uploads\/usu2655\/2026\/03\/20260302_153119-1024x656.jpg\" alt=\"\" width=\"1024\" height=\"656\" srcset=\"https:\/\/agora.xtec.cat\/ceiprivorubeo\/wp-content\/uploads\/usu2655\/2026\/03\/20260302_153119-1024x656.jpg 1024w, https:\/\/agora.xtec.cat\/ceiprivorubeo\/wp-content\/uploads\/usu2655\/2026\/03\/20260302_153119-300x192.jpg 300w, https:\/\/agora.xtec.cat\/ceiprivorubeo\/wp-content\/uploads\/usu2655\/2026\/03\/20260302_153119-768x492.jpg 768w, https:\/\/agora.xtec.cat\/ceiprivorubeo\/wp-content\/uploads\/usu2655\/2026\/03\/20260302_153119-1536x984.jpg 1536w, https:\/\/agora.xtec.cat\/ceiprivorubeo\/wp-content\/uploads\/usu2655\/2026\/03\/20260302_153119-2048x1312.jpg 2048w\" sizes=\"auto, (max-width: 1024px) 100vw, 1024px\" \/><\/a> <a href=\"https:\/\/agora.xtec.cat\/ceiprivorubeo\/wp-content\/uploads\/usu2655\/2026\/03\/20260312_120827-1-scaled.jpg\"><img loading=\"lazy\" decoding=\"async\" class=\"alignnone size-large wp-image-5082\" src=\"https:\/\/agora.xtec.cat\/ceiprivorubeo\/wp-content\/uploads\/usu2655\/2026\/03\/20260312_120827-1-1024x577.jpg\" alt=\"\" width=\"1024\" height=\"577\" srcset=\"https:\/\/agora.xtec.cat\/ceiprivorubeo\/wp-content\/uploads\/usu2655\/2026\/03\/20260312_120827-1-1024x577.jpg 1024w, https:\/\/agora.xtec.cat\/ceiprivorubeo\/wp-content\/uploads\/usu2655\/2026\/03\/20260312_120827-1-300x169.jpg 300w, https:\/\/agora.xtec.cat\/ceiprivorubeo\/wp-content\/uploads\/usu2655\/2026\/03\/20260312_120827-1-768x432.jpg 768w, https:\/\/agora.xtec.cat\/ceiprivorubeo\/wp-content\/uploads\/usu2655\/2026\/03\/20260312_120827-1-1536x865.jpg 1536w, https:\/\/agora.xtec.cat\/ceiprivorubeo\/wp-content\/uploads\/usu2655\/2026\/03\/20260312_120827-1-2048x1153.jpg 2048w\" sizes=\"auto, (max-width: 1024px) 100vw, 1024px\" \/><\/a><\/p>\n<p class=\"isSelectedEnd\">A m\u00e9s, hem parlat molt sobre el fred: qu\u00e8 vol dir que fa fred, quina roba necessitem per abrigar-nos i com canvia el nostre entorn durant aquesta estaci\u00f3. Hem observat qu\u00e8 li passa a l\u2019aigua quan la temperatura baixa molt, parlant de la neu i el gel. Per comprovar-ho, hem fet un petit experiment: hem posat aigua al congelador i, un cop convertida en gel, hem pintat amb gla\u00e7ons de colors. Ha estat una experi\u00e8ncia molt divertida i sorprenent!<\/p>\n<p><a href=\"https:\/\/agora.xtec.cat\/ceiprivorubeo\/wp-content\/uploads\/usu2655\/2026\/03\/20260310_155226-scaled.jpg\"><img loading=\"lazy\" decoding=\"async\" class=\"alignnone size-large wp-image-5081\" src=\"https:\/\/agora.xtec.cat\/ceiprivorubeo\/wp-content\/uploads\/usu2655\/2026\/03\/20260310_155226-1024x634.jpg\" alt=\"\" width=\"1024\" height=\"634\" srcset=\"https:\/\/agora.xtec.cat\/ceiprivorubeo\/wp-content\/uploads\/usu2655\/2026\/03\/20260310_155226-1024x634.jpg 1024w, https:\/\/agora.xtec.cat\/ceiprivorubeo\/wp-content\/uploads\/usu2655\/2026\/03\/20260310_155226-300x186.jpg 300w, https:\/\/agora.xtec.cat\/ceiprivorubeo\/wp-content\/uploads\/usu2655\/2026\/03\/20260310_155226-768x475.jpg 768w, https:\/\/agora.xtec.cat\/ceiprivorubeo\/wp-content\/uploads\/usu2655\/2026\/03\/20260310_155226-1536x951.jpg 1536w, https:\/\/agora.xtec.cat\/ceiprivorubeo\/wp-content\/uploads\/usu2655\/2026\/03\/20260310_155226-2048x1268.jpg 2048w\" sizes=\"auto, (max-width: 1024px) 100vw, 1024px\" \/><\/a><\/p>\n<p>Amb totes aquestes activitats, hem apr\u00e8s jugant, experimentant i compartint moments molt especials junts. L\u2019hivern ens ha portat fred, s\u00ed\u2026 per\u00f2 tamb\u00e9 moltes ganes de descobrir i crear!<\/p>\n","protected":false},"excerpt":{"rendered":"<p>Aquest hivern, a la classe dels Conillets i Conilletes hem viscut moltes experi\u00e8ncies plenes de creativitat, descobertes i diversi\u00f3.<br \/>\nHem comen\u00e7at explorant materials naturals i textures, enrotllant llanes de colors al voltant de branques per crear uns m\u00f2bils ben bonics que decoren l\u2019aula i ens recorden&hellip;  <a href=\"https:\/\/agora.xtec.cat\/ceiprivorubeo\/general\/gaudim-de-lhivern\/\" title=\"Read Gaudim de l&#8217;hivern\">Llegeix m\u00e9s\u00bb<\/a><\/p>\n","protected":false},"author":5,"featured_media":0,"comment_status":"open","ping_status":"open","sticky":false,"template":"","format":"standard","meta":{"_bbp_topic_count":0,"_bbp_reply_count":0,"_bbp_total_topic_count":0,"_bbp_total_reply_count":0,"_bbp_voice_count":0,"_bbp_anonymous_reply_count":0,"_bbp_topic_count_hidden":0,"_bbp_reply_count_hidden":0,"_bbp_forum_subforum_count":0,"footnotes":""},"categories":[1,118],"tags":[],"class_list":["post-5074","post","type-post","status-publish","format-standard","hentry","category-general","category-i3-infantil"],"post_mailing_queue_ids":[],"_links":{"self":[{"href":"https:\/\/agora.xtec.cat\/ceiprivorubeo\/wp-json\/wp\/v2\/posts\/5074","targetHints":{"allow":["GET"]}}],"collection":[{"href":"https:\/\/agora.xtec.cat\/ceiprivorubeo\/wp-json\/wp\/v2\/posts"}],"about":[{"href":"https:\/\/agora.xtec.cat\/ceiprivorubeo\/wp-json\/wp\/v2\/types\/post"}],"author":[{"embeddable":true,"href":"https:\/\/agora.xtec.cat\/ceiprivorubeo\/wp-json\/wp\/v2\/users\/5"}],"replies":[{"embeddable":true,"href":"https:\/\/agora.xtec.cat\/ceiprivorubeo\/wp-json\/wp\/v2\/comments?post=5074"}],"version-history":[{"count":1,"href":"https:\/\/agora.xtec.cat\/ceiprivorubeo\/wp-json\/wp\/v2\/posts\/5074\/revisions"}],"predecessor-version":[{"id":5083,"href":"https:\/\/agora.xtec.cat\/ceiprivorubeo\/wp-json\/wp\/v2\/posts\/5074\/revisions\/5083"}],"wp:attachment":[{"href":"https:\/\/agora.xtec.cat\/ceiprivorubeo\/wp-json\/wp\/v2\/media?parent=5074"}],"wp:term":[{"taxonomy":"category","embeddable":true,"href":"https:\/\/agora.xtec.cat\/ceiprivorubeo\/wp-json\/wp\/v2\/categories?post=5074"},{"taxonomy":"post_tag","embeddable":true,"href":"https:\/\/agora.xtec.cat\/ceiprivorubeo\/wp-json\/wp\/v2\/tags?post=5074"}],"curies":[{"name":"wp","href":"https:\/\/api.w.org\/{rel}","templated":true}]}}