{"id":5044,"date":"2026-01-26T16:00:47","date_gmt":"2026-01-26T15:00:47","guid":{"rendered":"https:\/\/agora.xtec.cat\/ceiprivorubeo\/?p=5044"},"modified":"2026-01-26T16:03:52","modified_gmt":"2026-01-26T15:03:52","slug":"preinscripcio-i-matricula-curs-26-27","status":"publish","type":"post","link":"https:\/\/agora.xtec.cat\/ceiprivorubeo\/general\/preinscripcio-i-matricula-curs-26-27\/","title":{"rendered":"Preinscripci\u00f3 i matr\u00edcula. Curs 26-27"},"content":{"rendered":"<p>Si has de preinscriure el teu fill o filla a educaci\u00f3 infantil (3-6), prim\u00e0ria o secund\u00e0ria obligat\u00f2ria, t&#8217;avancem algunes dates, entre les quals destaquem les de<strong>\u00a0presentaci\u00f3 de sol\u00b7licituds<\/strong>:<\/p>\n<ul>\n<li>Educaci\u00f3 infantil de segon cicle i educaci\u00f3 prim\u00e0ria: <strong>del 4 al 18 de mar\u00e7 de 2026<\/strong><\/li>\n<li>Educaci\u00f3 secund\u00e0ria obligat\u00f2ria: <strong>del 6 al 18 de mar\u00e7 de 2026<\/strong><\/li>\n<\/ul>\n<p>Per saber m\u00e9s, pots entrar a l\u2019enlla\u00e7:\u00a0<a href=\"https:\/\/preinscripcio.gencat.cat\/ca\/detalls\/noticia\/dates-preinscripcio-2026-2027\">Preinscripci\u00f3 26-27<\/a><\/p>\n","protected":false},"excerpt":{"rendered":"<p>Si has de preinscriure el teu fill o filla a educaci\u00f3 infantil (3-6), prim\u00e0ria o secund\u00e0ria obligat\u00f2ria, t&#8217;avancem algunes dates, entre les quals destaquem les de\u00a0presentaci\u00f3 de sol\u00b7licituds:<\/p>\n<ul>\n<li>Educaci\u00f3 infantil de segon cicle i educaci\u00f3 prim\u00e0ria: del 4 al 18 de mar\u00e7 de 2026<\/li>\n<li>Educaci\u00f3 secund\u00e0ria obligat\u00f2ria:&hellip;  <a href=\"https:\/\/agora.xtec.cat\/ceiprivorubeo\/general\/preinscripcio-i-matricula-curs-26-27\/\" title=\"Read Preinscripci\u00f3 i matr\u00edcula. Curs 26-27\">Llegeix m\u00e9s\u00bb<\/a><br \/>\n","protected":false},"author":1,"featured_media":0,"comment_status":"open","ping_status":"open","sticky":false,"template":"","format":"standard","meta":{"_bbp_topic_count":0,"_bbp_reply_count":0,"_bbp_total_topic_count":0,"_bbp_total_reply_count":0,"_bbp_voice_count":0,"_bbp_anonymous_reply_count":0,"_bbp_topic_count_hidden":0,"_bbp_reply_count_hidden":0,"_bbp_forum_subforum_count":0,"footnotes":""},"categories":[1,4,125],"tags":[],"class_list":["post-5044","post","type-post","status-publish","format-standard","hentry","category-general","category-portada","category-preinscripicio-i-matricula-26-27"],"post_mailing_queue_ids":[],"_links":{"self":[{"href":"https:\/\/agora.xtec.cat\/ceiprivorubeo\/wp-json\/wp\/v2\/posts\/5044","targetHints":{"allow":["GET"]}}],"collection":[{"href":"https:\/\/agora.xtec.cat\/ceiprivorubeo\/wp-json\/wp\/v2\/posts"}],"about":[{"href":"https:\/\/agora.xtec.cat\/ceiprivorubeo\/wp-json\/wp\/v2\/types\/post"}],"author":[{"embeddable":true,"href":"https:\/\/agora.xtec.cat\/ceiprivorubeo\/wp-json\/wp\/v2\/users\/1"}],"replies":[{"embeddable":true,"href":"https:\/\/agora.xtec.cat\/ceiprivorubeo\/wp-json\/wp\/v2\/comments?post=5044"}],"version-history":[{"count":1,"href":"https:\/\/agora.xtec.cat\/ceiprivorubeo\/wp-json\/wp\/v2\/posts\/5044\/revisions"}],"predecessor-version":[{"id":5045,"href":"https:\/\/agora.xtec.cat\/ceiprivorubeo\/wp-json\/wp\/v2\/posts\/5044\/revisions\/5045"}],"wp:attachment":[{"href":"https:\/\/agora.xtec.cat\/ceiprivorubeo\/wp-json\/wp\/v2\/media?parent=5044"}],"wp:term":[{"taxonomy":"category","embeddable":true,"href":"https:\/\/agora.xtec.cat\/ceiprivorubeo\/wp-json\/wp\/v2\/categories?post=5044"},{"taxonomy":"post_tag","embeddable":true,"href":"https:\/\/agora.xtec.cat\/ceiprivorubeo\/wp-json\/wp\/v2\/tags?post=5044"}],"curies":[{"name":"wp","href":"https:\/\/api.w.org\/{rel}","templated":true}]}}