{"id":5017,"date":"2025-12-19T13:49:29","date_gmt":"2025-12-19T12:49:29","guid":{"rendered":"https:\/\/agora.xtec.cat\/ceiprivorubeo\/?p=5017"},"modified":"2025-12-19T13:50:00","modified_gmt":"2025-12-19T12:50:00","slug":"un-nadal-ple-dexperiencies-a-laula-dels-conillets","status":"publish","type":"post","link":"https:\/\/agora.xtec.cat\/ceiprivorubeo\/general\/un-nadal-ple-dexperiencies-a-laula-dels-conillets\/","title":{"rendered":"Un Nadal ple d\u2019experi\u00e8ncies a l\u2019aula dels Conillets"},"content":{"rendered":"<p data-start=\"170\" data-end=\"438\">Aquest mes de desembre ha estat ple de m\u00e0gia, descobertes i moments compartits a l\u2019aula dels Conillets. Al llarg de les setmanes hem anat realitzant diverses activitats nadalenques que han perm\u00e8s als infants experimentar, crear i gaudir del Nadal amb tots els sentits.<a href=\"https:\/\/agora.xtec.cat\/ceiprivorubeo\/wp-content\/uploads\/usu2655\/2025\/12\/20251211_154456.jpg\">\u00a0<\/a><a href=\"https:\/\/agora.xtec.cat\/ceiprivorubeo\/wp-content\/uploads\/usu2655\/2025\/12\/20251202_160050-scaled.jpg\"><img loading=\"lazy\" decoding=\"async\" class=\"alignnone size-large wp-image-5022\" src=\"https:\/\/agora.xtec.cat\/ceiprivorubeo\/wp-content\/uploads\/usu2655\/2025\/12\/20251202_160050-1024x701.jpg\" alt=\"\" width=\"1024\" height=\"701\" srcset=\"https:\/\/agora.xtec.cat\/ceiprivorubeo\/wp-content\/uploads\/usu2655\/2025\/12\/20251202_160050-1024x701.jpg 1024w, https:\/\/agora.xtec.cat\/ceiprivorubeo\/wp-content\/uploads\/usu2655\/2025\/12\/20251202_160050-300x205.jpg 300w, https:\/\/agora.xtec.cat\/ceiprivorubeo\/wp-content\/uploads\/usu2655\/2025\/12\/20251202_160050-768x526.jpg 768w, https:\/\/agora.xtec.cat\/ceiprivorubeo\/wp-content\/uploads\/usu2655\/2025\/12\/20251202_160050-1536x1051.jpg 1536w, https:\/\/agora.xtec.cat\/ceiprivorubeo\/wp-content\/uploads\/usu2655\/2025\/12\/20251202_160050-2048x1401.jpg 2048w\" sizes=\"auto, (max-width: 1024px) 100vw, 1024px\" \/><\/a><\/p>\n<p data-start=\"440\" data-end=\"718\">Hem elaborat un mural nadalenc i hem fet activitats de motricitat fina i percepci\u00f3 visual relacionades amb elements t\u00edpics d\u2019aquestes festes. Tamb\u00e9 hem experimentat amb diferents materials i elements nadalencs, despertant la curiositat i les ganes de tocar, observar i explorar.<\/p>\n<p data-start=\"440\" data-end=\"718\"><a href=\"https:\/\/agora.xtec.cat\/ceiprivorubeo\/wp-content\/uploads\/usu2655\/2025\/12\/20251211_154456.jpg\"><img loading=\"lazy\" decoding=\"async\" class=\"alignnone wp-image-5020 size-medium\" src=\"https:\/\/agora.xtec.cat\/ceiprivorubeo\/wp-content\/uploads\/usu2655\/2025\/12\/20251211_154456-300x300.jpg\" alt=\"\" width=\"300\" height=\"300\" srcset=\"https:\/\/agora.xtec.cat\/ceiprivorubeo\/wp-content\/uploads\/usu2655\/2025\/12\/20251211_154456-300x300.jpg 300w, https:\/\/agora.xtec.cat\/ceiprivorubeo\/wp-content\/uploads\/usu2655\/2025\/12\/20251211_154456-1024x1024.jpg 1024w, https:\/\/agora.xtec.cat\/ceiprivorubeo\/wp-content\/uploads\/usu2655\/2025\/12\/20251211_154456-150x150.jpg 150w, https:\/\/agora.xtec.cat\/ceiprivorubeo\/wp-content\/uploads\/usu2655\/2025\/12\/20251211_154456-768x768.jpg 768w, https:\/\/agora.xtec.cat\/ceiprivorubeo\/wp-content\/uploads\/usu2655\/2025\/12\/20251211_154456-1536x1536.jpg 1536w, https:\/\/agora.xtec.cat\/ceiprivorubeo\/wp-content\/uploads\/usu2655\/2025\/12\/20251211_154456-2048x2048.jpg 2048w\" sizes=\"auto, (max-width: 300px) 100vw, 300px\" \/> <\/a><a href=\"https:\/\/agora.xtec.cat\/ceiprivorubeo\/wp-content\/uploads\/usu2655\/2025\/12\/20251202_153040-scaled-e1766147865330.jpg\"><img loading=\"lazy\" decoding=\"async\" class=\"alignnone wp-image-5018 size-medium\" src=\"https:\/\/agora.xtec.cat\/ceiprivorubeo\/wp-content\/uploads\/usu2655\/2025\/12\/20251202_153040-scaled-e1766147865330-300x245.jpg\" alt=\"\" width=\"300\" height=\"245\" srcset=\"https:\/\/agora.xtec.cat\/ceiprivorubeo\/wp-content\/uploads\/usu2655\/2025\/12\/20251202_153040-scaled-e1766147865330-300x245.jpg 300w, https:\/\/agora.xtec.cat\/ceiprivorubeo\/wp-content\/uploads\/usu2655\/2025\/12\/20251202_153040-scaled-e1766147865330-1024x836.jpg 1024w, https:\/\/agora.xtec.cat\/ceiprivorubeo\/wp-content\/uploads\/usu2655\/2025\/12\/20251202_153040-scaled-e1766147865330-768x627.jpg 768w, https:\/\/agora.xtec.cat\/ceiprivorubeo\/wp-content\/uploads\/usu2655\/2025\/12\/20251202_153040-scaled-e1766147865330-1536x1255.jpg 1536w, https:\/\/agora.xtec.cat\/ceiprivorubeo\/wp-content\/uploads\/usu2655\/2025\/12\/20251202_153040-scaled-e1766147865330-2048x1673.jpg 2048w\" sizes=\"auto, (max-width: 300px) 100vw, 300px\" \/><\/a><\/p>\n<p data-start=\"440\" data-end=\"718\"><a href=\"https:\/\/agora.xtec.cat\/ceiprivorubeo\/wp-content\/uploads\/usu2655\/2025\/12\/20251212_1548091.jpg\"><img loading=\"lazy\" decoding=\"async\" class=\"alignnone wp-image-5021 size-medium\" src=\"https:\/\/agora.xtec.cat\/ceiprivorubeo\/wp-content\/uploads\/usu2655\/2025\/12\/20251212_1548091-300x183.jpg\" alt=\"\" width=\"300\" height=\"183\" srcset=\"https:\/\/agora.xtec.cat\/ceiprivorubeo\/wp-content\/uploads\/usu2655\/2025\/12\/20251212_1548091-300x183.jpg 300w, https:\/\/agora.xtec.cat\/ceiprivorubeo\/wp-content\/uploads\/usu2655\/2025\/12\/20251212_1548091-1024x626.jpg 1024w, https:\/\/agora.xtec.cat\/ceiprivorubeo\/wp-content\/uploads\/usu2655\/2025\/12\/20251212_1548091-768x469.jpg 768w, https:\/\/agora.xtec.cat\/ceiprivorubeo\/wp-content\/uploads\/usu2655\/2025\/12\/20251212_1548091-1536x939.jpg 1536w, https:\/\/agora.xtec.cat\/ceiprivorubeo\/wp-content\/uploads\/usu2655\/2025\/12\/20251212_1548091-2048x1251.jpg 2048w\" sizes=\"auto, (max-width: 300px) 100vw, 300px\" \/> <\/a><a href=\"https:\/\/agora.xtec.cat\/ceiprivorubeo\/wp-content\/uploads\/usu2655\/2025\/12\/20251202_153317-scaled.jpg\"><img loading=\"lazy\" decoding=\"async\" class=\"alignnone wp-image-5019 size-medium\" src=\"https:\/\/agora.xtec.cat\/ceiprivorubeo\/wp-content\/uploads\/usu2655\/2025\/12\/20251202_153317-300x225.jpg\" alt=\"\" width=\"300\" height=\"225\" srcset=\"https:\/\/agora.xtec.cat\/ceiprivorubeo\/wp-content\/uploads\/usu2655\/2025\/12\/20251202_153317-300x225.jpg 300w, https:\/\/agora.xtec.cat\/ceiprivorubeo\/wp-content\/uploads\/usu2655\/2025\/12\/20251202_153317-1024x768.jpg 1024w, https:\/\/agora.xtec.cat\/ceiprivorubeo\/wp-content\/uploads\/usu2655\/2025\/12\/20251202_153317-768x576.jpg 768w, https:\/\/agora.xtec.cat\/ceiprivorubeo\/wp-content\/uploads\/usu2655\/2025\/12\/20251202_153317-1536x1152.jpg 1536w, https:\/\/agora.xtec.cat\/ceiprivorubeo\/wp-content\/uploads\/usu2655\/2025\/12\/20251202_153317-2048x1537.jpg 2048w, https:\/\/agora.xtec.cat\/ceiprivorubeo\/wp-content\/uploads\/usu2655\/2025\/12\/20251202_153317-200x150.jpg 200w\" sizes=\"auto, (max-width: 300px) 100vw, 300px\" \/><\/a><\/p>\n<p data-start=\"720\" data-end=\"1038\">Un dels moments m\u00e9s especials ha estat fer galetes amb els padrins i padrines, una activitat molt emotiva que ens ha perm\u00e8s compartir, cooperar i gaudir plegats. A m\u00e9s, no hi han faltat els personatges del Nadal: hem fet cagar el ti\u00f3, hem escrit la carta als Reis i l\u2019hem entregat al patge Zacaries amb molta il\u00b7lusi\u00f3.<\/p>\n<p data-start=\"1040\" data-end=\"1204\">I, com a gran tancament, hem celebrat el nostre s\u00faper concert de Nadal, on els infants han cantat i ballat amb entusiasme, demostrant tot el que han gaudit i apr\u00e8s.<\/p>\n<p data-start=\"1206\" data-end=\"1284\">Ha estat un Nadal molt especial, ple de viv\u00e8ncies que ens emportem al cor.<\/p>\n","protected":false},"excerpt":{"rendered":"<p>Aquest mes de desembre ha estat ple de m\u00e0gia, descobertes i moments compartits a l\u2019aula dels Conillets. Al llarg de les setmanes hem anat realitzant diverses activitats nadalenques que han perm\u00e8s als infants experimentar, crear i gaudir del Nadal amb tots els sentits.<a href=\"https:\/\/agora.xtec.cat\/ceiprivorubeo\/wp-content\/uploads\/usu2655\/2025\/12\/20251211_154456.jpg\">\u00a0<\/a><a href=\"https:\/\/agora.xtec.cat\/ceiprivorubeo\/wp-content\/uploads\/usu2655\/2025\/12\/20251202_160050-scaled.jpg\"><\/a><br \/>\nHem&hellip;  <a href=\"https:\/\/agora.xtec.cat\/ceiprivorubeo\/general\/un-nadal-ple-dexperiencies-a-laula-dels-conillets\/\" title=\"Read Un Nadal ple d\u2019experi\u00e8ncies a l\u2019aula dels Conillets\">Llegeix m\u00e9s\u00bb<\/a><\/p>\n","protected":false},"author":5,"featured_media":0,"comment_status":"open","ping_status":"open","sticky":false,"template":"","format":"standard","meta":{"_bbp_topic_count":0,"_bbp_reply_count":0,"_bbp_total_topic_count":0,"_bbp_total_reply_count":0,"_bbp_voice_count":0,"_bbp_anonymous_reply_count":0,"_bbp_topic_count_hidden":0,"_bbp_reply_count_hidden":0,"_bbp_forum_subforum_count":0,"footnotes":""},"categories":[1,118],"tags":[],"class_list":["post-5017","post","type-post","status-publish","format-standard","hentry","category-general","category-i3-infantil"],"post_mailing_queue_ids":[],"_links":{"self":[{"href":"https:\/\/agora.xtec.cat\/ceiprivorubeo\/wp-json\/wp\/v2\/posts\/5017","targetHints":{"allow":["GET"]}}],"collection":[{"href":"https:\/\/agora.xtec.cat\/ceiprivorubeo\/wp-json\/wp\/v2\/posts"}],"about":[{"href":"https:\/\/agora.xtec.cat\/ceiprivorubeo\/wp-json\/wp\/v2\/types\/post"}],"author":[{"embeddable":true,"href":"https:\/\/agora.xtec.cat\/ceiprivorubeo\/wp-json\/wp\/v2\/users\/5"}],"replies":[{"embeddable":true,"href":"https:\/\/agora.xtec.cat\/ceiprivorubeo\/wp-json\/wp\/v2\/comments?post=5017"}],"version-history":[{"count":1,"href":"https:\/\/agora.xtec.cat\/ceiprivorubeo\/wp-json\/wp\/v2\/posts\/5017\/revisions"}],"predecessor-version":[{"id":5023,"href":"https:\/\/agora.xtec.cat\/ceiprivorubeo\/wp-json\/wp\/v2\/posts\/5017\/revisions\/5023"}],"wp:attachment":[{"href":"https:\/\/agora.xtec.cat\/ceiprivorubeo\/wp-json\/wp\/v2\/media?parent=5017"}],"wp:term":[{"taxonomy":"category","embeddable":true,"href":"https:\/\/agora.xtec.cat\/ceiprivorubeo\/wp-json\/wp\/v2\/categories?post=5017"},{"taxonomy":"post_tag","embeddable":true,"href":"https:\/\/agora.xtec.cat\/ceiprivorubeo\/wp-json\/wp\/v2\/tags?post=5017"}],"curies":[{"name":"wp","href":"https:\/\/api.w.org\/{rel}","templated":true}]}}