{"id":4980,"date":"2025-12-01T13:59:47","date_gmt":"2025-12-01T12:59:47","guid":{"rendered":"https:\/\/agora.xtec.cat\/ceiprivorubeo\/?p=4980"},"modified":"2025-12-01T14:10:46","modified_gmt":"2025-12-01T13:10:46","slug":"descobrim-la-tardor","status":"publish","type":"post","link":"https:\/\/agora.xtec.cat\/ceiprivorubeo\/general\/descobrim-la-tardor\/","title":{"rendered":"Descobrim la tardor!"},"content":{"rendered":"<p data-start=\"230\" data-end=\"450\">Aquestes \u00faltimes setmanes hem viscut la tardor de ben a prop i l\u2019hem convertit en protagonista de moltes de les nostres activitats. Han estat dies plens d\u2019experimentaci\u00f3, manipulaci\u00f3, observaci\u00f3 i descoberta de l\u2019entorn.<\/p>\n<p data-start=\"230\" data-end=\"450\"><a href=\"https:\/\/agora.xtec.cat\/ceiprivorubeo\/wp-content\/uploads\/usu2655\/2025\/12\/20251127_102508-scaled.jpg\"><img loading=\"lazy\" decoding=\"async\" class=\"alignnone size-large wp-image-4983\" src=\"https:\/\/agora.xtec.cat\/ceiprivorubeo\/wp-content\/uploads\/usu2655\/2025\/12\/20251127_102508-1024x577.jpg\" alt=\"\" width=\"1024\" height=\"577\" srcset=\"https:\/\/agora.xtec.cat\/ceiprivorubeo\/wp-content\/uploads\/usu2655\/2025\/12\/20251127_102508-1024x577.jpg 1024w, https:\/\/agora.xtec.cat\/ceiprivorubeo\/wp-content\/uploads\/usu2655\/2025\/12\/20251127_102508-300x169.jpg 300w, https:\/\/agora.xtec.cat\/ceiprivorubeo\/wp-content\/uploads\/usu2655\/2025\/12\/20251127_102508-768x432.jpg 768w, https:\/\/agora.xtec.cat\/ceiprivorubeo\/wp-content\/uploads\/usu2655\/2025\/12\/20251127_102508-1536x865.jpg 1536w, https:\/\/agora.xtec.cat\/ceiprivorubeo\/wp-content\/uploads\/usu2655\/2025\/12\/20251127_102508-2048x1153.jpg 2048w\" sizes=\"auto, (max-width: 1024px) 100vw, 1024px\" \/><\/a><\/p>\n<p data-start=\"452\" data-end=\"949\">Una de les experi\u00e8ncies que m\u00e9s hem gaudit ha estat la sortida al bosc amb els padrins i padrines. All\u00e0 hem pogut observar com canvien els colors, com cauen les fulles i quins elements podem trobar durant aquesta estaci\u00f3. Hem recollit pals, pinyes, pinassa, aglans\u2026 tot un tresor tardorenc que despr\u00e9s hem portat a l\u2019aula. Un cop all\u00e0, hem classificat els materials i els hem fet servir per fer activitats de comptatge, seriacions i altres propostes manipulatives que ens ajuden a aprendre jugant.<\/p>\n<p data-start=\"452\" data-end=\"949\"><a href=\"https:\/\/agora.xtec.cat\/ceiprivorubeo\/wp-content\/uploads\/usu2655\/2025\/12\/20251114_121704-scaled.jpg\"><img loading=\"lazy\" decoding=\"async\" class=\"alignnone size-large wp-image-4982\" src=\"https:\/\/agora.xtec.cat\/ceiprivorubeo\/wp-content\/uploads\/usu2655\/2025\/12\/20251114_121704-1024x577.jpg\" alt=\"\" width=\"1024\" height=\"577\" srcset=\"https:\/\/agora.xtec.cat\/ceiprivorubeo\/wp-content\/uploads\/usu2655\/2025\/12\/20251114_121704-1024x577.jpg 1024w, https:\/\/agora.xtec.cat\/ceiprivorubeo\/wp-content\/uploads\/usu2655\/2025\/12\/20251114_121704-300x169.jpg 300w, https:\/\/agora.xtec.cat\/ceiprivorubeo\/wp-content\/uploads\/usu2655\/2025\/12\/20251114_121704-768x432.jpg 768w, https:\/\/agora.xtec.cat\/ceiprivorubeo\/wp-content\/uploads\/usu2655\/2025\/12\/20251114_121704-1536x865.jpg 1536w, https:\/\/agora.xtec.cat\/ceiprivorubeo\/wp-content\/uploads\/usu2655\/2025\/12\/20251114_121704-2048x1153.jpg 2048w\" sizes=\"auto, (max-width: 1024px) 100vw, 1024px\" \/><\/a><\/p>\n<p data-start=\"951\" data-end=\"1279\">A l\u2019aula, el conte <em data-start=\"970\" data-end=\"988\">Sopa de Carbassa<\/em> ens ha acompanyat setmanalment i ens ha servit com a fil conductor per parlar dels fruits de la tardor. Hem anat a veure les carbasses de 3r i fins i tot les hem tastades! Inspirats pel conte, hem preparat la nostra pr\u00f2pia sopa de carbassa, tot manipulant, olorant i descobrint nous sabors.<\/p>\n<p data-start=\"951\" data-end=\"1279\"><a href=\"https:\/\/agora.xtec.cat\/ceiprivorubeo\/wp-content\/uploads\/usu2655\/2025\/12\/20251022_154622-scaled.jpg\"><img loading=\"lazy\" decoding=\"async\" class=\"alignnone size-large wp-image-4984\" src=\"https:\/\/agora.xtec.cat\/ceiprivorubeo\/wp-content\/uploads\/usu2655\/2025\/12\/20251022_154622-1024x577.jpg\" alt=\"\" width=\"1024\" height=\"577\" srcset=\"https:\/\/agora.xtec.cat\/ceiprivorubeo\/wp-content\/uploads\/usu2655\/2025\/12\/20251022_154622-1024x577.jpg 1024w, https:\/\/agora.xtec.cat\/ceiprivorubeo\/wp-content\/uploads\/usu2655\/2025\/12\/20251022_154622-300x169.jpg 300w, https:\/\/agora.xtec.cat\/ceiprivorubeo\/wp-content\/uploads\/usu2655\/2025\/12\/20251022_154622-768x432.jpg 768w, https:\/\/agora.xtec.cat\/ceiprivorubeo\/wp-content\/uploads\/usu2655\/2025\/12\/20251022_154622-1536x865.jpg 1536w, https:\/\/agora.xtec.cat\/ceiprivorubeo\/wp-content\/uploads\/usu2655\/2025\/12\/20251022_154622-2048x1153.jpg 2048w\" sizes=\"auto, (max-width: 1024px) 100vw, 1024px\" \/><\/a><\/p>\n<p data-start=\"1281\" data-end=\"1550\">Tamb\u00e9 hem investigat altres fruits de la tardor: els hem observat amb atenci\u00f3, els hem dibuixat i els hem tastat. Durant les sortides al pati, hem descobert que hi tenim un magraner, i aix\u00f2 ens ha perm\u00e8s continuar parlant de com \u00e9s aquesta estaci\u00f3 i quins canvis porta.<\/p>\n<p data-start=\"1281\" data-end=\"1550\"><a href=\"https:\/\/agora.xtec.cat\/ceiprivorubeo\/wp-content\/uploads\/usu2655\/2025\/12\/20251110_155324-scaled.jpg\"><img loading=\"lazy\" decoding=\"async\" class=\"alignnone size-large wp-image-4981\" src=\"https:\/\/agora.xtec.cat\/ceiprivorubeo\/wp-content\/uploads\/usu2655\/2025\/12\/20251110_155324-1024x577.jpg\" alt=\"\" width=\"1024\" height=\"577\" srcset=\"https:\/\/agora.xtec.cat\/ceiprivorubeo\/wp-content\/uploads\/usu2655\/2025\/12\/20251110_155324-1024x577.jpg 1024w, https:\/\/agora.xtec.cat\/ceiprivorubeo\/wp-content\/uploads\/usu2655\/2025\/12\/20251110_155324-300x169.jpg 300w, https:\/\/agora.xtec.cat\/ceiprivorubeo\/wp-content\/uploads\/usu2655\/2025\/12\/20251110_155324-768x432.jpg 768w, https:\/\/agora.xtec.cat\/ceiprivorubeo\/wp-content\/uploads\/usu2655\/2025\/12\/20251110_155324-1536x865.jpg 1536w, https:\/\/agora.xtec.cat\/ceiprivorubeo\/wp-content\/uploads\/usu2655\/2025\/12\/20251110_155324-2048x1153.jpg 2048w\" sizes=\"auto, (max-width: 1024px) 100vw, 1024px\" \/><\/a><\/p>\n<p data-start=\"1552\" data-end=\"1833\">Els dies de pluja tamb\u00e9 ens han ofert moments especials: hem experimentat amb esponges per fer \u201cploure\u201d a l\u2019aula i hem observat com cau l\u2019aigua des del cel. Despr\u00e9s hem representat la pluja amb tra\u00e7os verticals, treballant la motricitat fina d\u2019una manera vivencial i significativa.<\/p>\n<p data-start=\"1552\" data-end=\"1833\">I, com no podia ser d\u2019una altra manera, tamb\u00e9 hem gaudit de les tradicions pr\u00f2pies de la tardor. Amb l\u2019ajuda dels padrins i padrines hem fet panellets, els hem manipulat, olorat i, sobretot, hem compartit una bona estona plegats. Hem visitat la castanyera, hem menjat castanyes i hem ballat danses, celebrant aix\u00ed la Castanyada amb molta il\u00b7lusi\u00f3.<\/p>\n<p data-start=\"1835\" data-end=\"2078\">En definitiva, han estat setmanes plenes d\u2019aprenentatges, viv\u00e8ncies i descobertes. La tardor ens ha regalat moltes oportunitats per observar, manipular i gaudir de l\u2019entorn que ens envolta. Estem preparats per continuar vivint noves aventures!<\/p>\n","protected":false},"excerpt":{"rendered":"<p>Aquestes \u00faltimes setmanes hem viscut la tardor de ben a prop i l\u2019hem convertit en protagonista de moltes de les nostres activitats. Han estat dies plens d\u2019experimentaci\u00f3, manipulaci\u00f3, observaci\u00f3 i descoberta de l\u2019entorn.<br \/>\n<a href=\"https:\/\/agora.xtec.cat\/ceiprivorubeo\/wp-content\/uploads\/usu2655\/2025\/12\/20251127_102508-scaled.jpg\"><\/a><br \/>\nUna de les experi\u00e8ncies que m\u00e9s hem gaudit ha estat la sortida&hellip;  <a href=\"https:\/\/agora.xtec.cat\/ceiprivorubeo\/general\/descobrim-la-tardor\/\" title=\"Read Descobrim la tardor!\">Llegeix m\u00e9s\u00bb<\/a><\/p>\n","protected":false},"author":5,"featured_media":0,"comment_status":"open","ping_status":"open","sticky":false,"template":"","format":"standard","meta":{"_bbp_topic_count":0,"_bbp_reply_count":0,"_bbp_total_topic_count":0,"_bbp_total_reply_count":0,"_bbp_voice_count":0,"_bbp_anonymous_reply_count":0,"_bbp_topic_count_hidden":0,"_bbp_reply_count_hidden":0,"_bbp_forum_subforum_count":0,"footnotes":""},"categories":[1,118],"tags":[],"class_list":["post-4980","post","type-post","status-publish","format-standard","hentry","category-general","category-i3-infantil"],"post_mailing_queue_ids":[],"_links":{"self":[{"href":"https:\/\/agora.xtec.cat\/ceiprivorubeo\/wp-json\/wp\/v2\/posts\/4980","targetHints":{"allow":["GET"]}}],"collection":[{"href":"https:\/\/agora.xtec.cat\/ceiprivorubeo\/wp-json\/wp\/v2\/posts"}],"about":[{"href":"https:\/\/agora.xtec.cat\/ceiprivorubeo\/wp-json\/wp\/v2\/types\/post"}],"author":[{"embeddable":true,"href":"https:\/\/agora.xtec.cat\/ceiprivorubeo\/wp-json\/wp\/v2\/users\/5"}],"replies":[{"embeddable":true,"href":"https:\/\/agora.xtec.cat\/ceiprivorubeo\/wp-json\/wp\/v2\/comments?post=4980"}],"version-history":[{"count":1,"href":"https:\/\/agora.xtec.cat\/ceiprivorubeo\/wp-json\/wp\/v2\/posts\/4980\/revisions"}],"predecessor-version":[{"id":4985,"href":"https:\/\/agora.xtec.cat\/ceiprivorubeo\/wp-json\/wp\/v2\/posts\/4980\/revisions\/4985"}],"wp:attachment":[{"href":"https:\/\/agora.xtec.cat\/ceiprivorubeo\/wp-json\/wp\/v2\/media?parent=4980"}],"wp:term":[{"taxonomy":"category","embeddable":true,"href":"https:\/\/agora.xtec.cat\/ceiprivorubeo\/wp-json\/wp\/v2\/categories?post=4980"},{"taxonomy":"post_tag","embeddable":true,"href":"https:\/\/agora.xtec.cat\/ceiprivorubeo\/wp-json\/wp\/v2\/tags?post=4980"}],"curies":[{"name":"wp","href":"https:\/\/api.w.org\/{rel}","templated":true}]}}