{"id":4932,"date":"2025-10-17T11:48:37","date_gmt":"2025-10-17T09:48:37","guid":{"rendered":"https:\/\/agora.xtec.cat\/ceiprivorubeo\/?p=4932"},"modified":"2025-10-17T11:48:37","modified_gmt":"2025-10-17T09:48:37","slug":"visitem-el-parlament-de-catalunya","status":"publish","type":"post","link":"https:\/\/agora.xtec.cat\/ceiprivorubeo\/general\/visitem-el-parlament-de-catalunya\/","title":{"rendered":"Visitem el Parlament de Catalunya"},"content":{"rendered":"<p>L&#8217;alumnat de sis\u00e8 ha iniciat el curs amb el seu projecte de delegats i delegades, una campanya que ens ha ajudat a escollir els i les representants de les nostres aules al consell i ens ha ajudat a entendre el funcionament d&#8217;una campanya electoral i el ress\u00f2 que t\u00e9 la nostra participaci\u00f3 a la societat.<\/p>\n<p>A m\u00e9s, hem tingut l&#8217;ocasi\u00f3 de visitar el Parlament de Catalunya, que es troba ubicat a la Ciutadella de Barcelona, realitzant una gincana de descoberta per l&#8217;entorn i acabant amb la visita guiada al Parlament.<\/p>\n<p>Us compartim <a href=\"https:\/\/drive.google.com\/drive\/folders\/1p5mD6h-Q8UE3wt6VPMCzZwicS3aLs1wO?usp=drive_link\">algunes imatges de la sortida<\/a>, esperem que us agradin \ud83d\ude42<\/p>\n<p><a href=\"https:\/\/agora.xtec.cat\/ceiprivorubeo\/wp-content\/uploads\/usu2655\/2025\/10\/visita-guiada-al-Parlament.jpg\"><img loading=\"lazy\" decoding=\"async\" class=\"alignnone size-large wp-image-4933\" src=\"https:\/\/agora.xtec.cat\/ceiprivorubeo\/wp-content\/uploads\/usu2655\/2025\/10\/visita-guiada-al-Parlament-1024x576.jpg\" alt=\"\" width=\"1024\" height=\"576\" srcset=\"https:\/\/agora.xtec.cat\/ceiprivorubeo\/wp-content\/uploads\/usu2655\/2025\/10\/visita-guiada-al-Parlament-1024x576.jpg 1024w, https:\/\/agora.xtec.cat\/ceiprivorubeo\/wp-content\/uploads\/usu2655\/2025\/10\/visita-guiada-al-Parlament-300x169.jpg 300w, https:\/\/agora.xtec.cat\/ceiprivorubeo\/wp-content\/uploads\/usu2655\/2025\/10\/visita-guiada-al-Parlament-768x432.jpg 768w, https:\/\/agora.xtec.cat\/ceiprivorubeo\/wp-content\/uploads\/usu2655\/2025\/10\/visita-guiada-al-Parlament-1536x864.jpg 1536w, https:\/\/agora.xtec.cat\/ceiprivorubeo\/wp-content\/uploads\/usu2655\/2025\/10\/visita-guiada-al-Parlament.jpg 1600w\" sizes=\"auto, (max-width: 1024px) 100vw, 1024px\" \/><\/a><\/p>\n","protected":false},"excerpt":{"rendered":"<p>L&#8217;alumnat de sis\u00e8 ha iniciat el curs amb el seu projecte de delegats i delegades, una campanya que ens ha ajudat a escollir els i les representants de les nostres aules al consell i ens ha ajudat a entendre el funcionament d&#8217;una campanya electoral i&hellip;  <a href=\"https:\/\/agora.xtec.cat\/ceiprivorubeo\/general\/visitem-el-parlament-de-catalunya\/\" title=\"Read Visitem el Parlament de Catalunya\">Llegeix m\u00e9s\u00bb<\/a><\/p>\n","protected":false},"author":21,"featured_media":4933,"comment_status":"open","ping_status":"open","sticky":false,"template":"","format":"standard","meta":{"_bbp_topic_count":0,"_bbp_reply_count":0,"_bbp_total_topic_count":0,"_bbp_total_reply_count":0,"_bbp_voice_count":0,"_bbp_anonymous_reply_count":0,"_bbp_topic_count_hidden":0,"_bbp_reply_count_hidden":0,"_bbp_forum_subforum_count":0,"footnotes":""},"categories":[13,116,1],"tags":[],"class_list":["post-4932","post","type-post","status-publish","format-standard","has-post-thumbnail","hentry","category-5e","category-6e-5e","category-general"],"post_mailing_queue_ids":[],"_links":{"self":[{"href":"https:\/\/agora.xtec.cat\/ceiprivorubeo\/wp-json\/wp\/v2\/posts\/4932","targetHints":{"allow":["GET"]}}],"collection":[{"href":"https:\/\/agora.xtec.cat\/ceiprivorubeo\/wp-json\/wp\/v2\/posts"}],"about":[{"href":"https:\/\/agora.xtec.cat\/ceiprivorubeo\/wp-json\/wp\/v2\/types\/post"}],"author":[{"embeddable":true,"href":"https:\/\/agora.xtec.cat\/ceiprivorubeo\/wp-json\/wp\/v2\/users\/21"}],"replies":[{"embeddable":true,"href":"https:\/\/agora.xtec.cat\/ceiprivorubeo\/wp-json\/wp\/v2\/comments?post=4932"}],"version-history":[{"count":3,"href":"https:\/\/agora.xtec.cat\/ceiprivorubeo\/wp-json\/wp\/v2\/posts\/4932\/revisions"}],"predecessor-version":[{"id":4936,"href":"https:\/\/agora.xtec.cat\/ceiprivorubeo\/wp-json\/wp\/v2\/posts\/4932\/revisions\/4936"}],"wp:featuredmedia":[{"embeddable":true,"href":"https:\/\/agora.xtec.cat\/ceiprivorubeo\/wp-json\/wp\/v2\/media\/4933"}],"wp:attachment":[{"href":"https:\/\/agora.xtec.cat\/ceiprivorubeo\/wp-json\/wp\/v2\/media?parent=4932"}],"wp:term":[{"taxonomy":"category","embeddable":true,"href":"https:\/\/agora.xtec.cat\/ceiprivorubeo\/wp-json\/wp\/v2\/categories?post=4932"},{"taxonomy":"post_tag","embeddable":true,"href":"https:\/\/agora.xtec.cat\/ceiprivorubeo\/wp-json\/wp\/v2\/tags?post=4932"}],"curies":[{"name":"wp","href":"https:\/\/api.w.org\/{rel}","templated":true}]}}