{"id":4914,"date":"2025-10-17T09:58:20","date_gmt":"2025-10-17T07:58:20","guid":{"rendered":"https:\/\/agora.xtec.cat\/ceiprivorubeo\/?p=4914"},"modified":"2025-10-17T10:00:38","modified_gmt":"2025-10-17T08:00:38","slug":"projecte-nom-de-la-classe-de-4t","status":"publish","type":"post","link":"https:\/\/agora.xtec.cat\/ceiprivorubeo\/general\/projecte-nom-de-la-classe-de-4t\/","title":{"rendered":"Els noms de les nostres classes de 4t  ;-)"},"content":{"rendered":"<h2 data-start=\"155\" data-end=\"221\"><strong data-start=\"158\" data-end=\"221\">Presentaci\u00f3 del Projecte de 4t: <\/strong><\/h2>\n<h2 data-start=\"155\" data-end=\"221\"><strong data-start=\"158\" data-end=\"221\">\u201cDescobrim les nostres muntanyes &#8211; Nom de les nostres Classes\u201d<\/strong><\/h2>\n<p data-start=\"223\" data-end=\"458\">Aquest projecte t\u00e9 com a objectiu principal apropar l\u2019alumnat al patrimoni natural de Catalunya a trav\u00e9s de l\u2019estudi d\u2019una muntanya emblem\u00e0tica. Cada grup classe ha escollit una muntanya catalana per investigar-la i con\u00e8ixer-la a fons.<\/p>\n<ul data-start=\"460\" data-end=\"864\">\n<li data-start=\"460\" data-end=\"683\">\n<p data-start=\"462\" data-end=\"683\"><strong data-start=\"462\" data-end=\"482\">La classe de 4t A<\/strong> ha triat<strong> la Mola<\/strong>, una muntanya situada al Parc Natural de Sant Lloren\u00e7 del Munt i l\u2019Obac, coneguda per la seva accessibilitat, el monestir rom\u00e0nic al cim i la seva riquesa natural i paisatg\u00edstica.\u00a0 \u00a0 \u00a0 \u00a0 \u00a0 \u00a0 \u00a0 \u00a0 \u00a0 \u00a0 \u00a0 \u00a0 \u00a0 \u00a0 \u00a0 \u00a0 \u00a0 \u00a0 \u00a0 \u00a0 \u00a0 \u00a0 \u00a0 \u00a0 \u00a0 \u00a0 \u00a0 \u00a0 \u00a0 \u00a0 \u00a0 \u00a0 \u00a0 \u00a0 \u00a0 \u00a0 \u00a0 \u00a0 \u00a0 \u00a0 \u00a0 \u00a0 \u00a0 \u00a0\u00a0 <a href=\"https:\/\/agora.xtec.cat\/ceiprivorubeo\/wp-content\/uploads\/usu2655\/2025\/10\/download.jpg\"><img loading=\"lazy\" decoding=\"async\" class=\"size-large wp-image-4916 aligncenter\" src=\"https:\/\/agora.xtec.cat\/ceiprivorubeo\/wp-content\/uploads\/usu2655\/2025\/10\/download.jpg\" alt=\"\" width=\"348\" height=\"145\" srcset=\"https:\/\/agora.xtec.cat\/ceiprivorubeo\/wp-content\/uploads\/usu2655\/2025\/10\/download.jpg 348w, https:\/\/agora.xtec.cat\/ceiprivorubeo\/wp-content\/uploads\/usu2655\/2025\/10\/download-300x125.jpg 300w\" sizes=\"auto, (max-width: 348px) 100vw, 348px\" \/><\/a><\/p>\n<\/li>\n<li data-start=\"685\" data-end=\"864\">\n<p data-start=\"687\" data-end=\"864\"><strong data-start=\"687\" data-end=\"707\">La classe de 4t B<\/strong> ha escollit <strong data-start=\"720\" data-end=\"737\">el Pedraforca<\/strong>, una muntanya ic\u00f2nica del Prepirineu, coneguda per la seva forma de forca i pel seu simbolisme dins de l\u2019excursionisme catal\u00e0.\u00a0 \u00a0 \u00a0 \u00a0 \u00a0 \u00a0 \u00a0 \u00a0 \u00a0 \u00a0 \u00a0 \u00a0 \u00a0 \u00a0 \u00a0 \u00a0 \u00a0 \u00a0 \u00a0 \u00a0 \u00a0 \u00a0 \u00a0 \u00a0 \u00a0 \u00a0 \u00a0 \u00a0 \u00a0 \u00a0 \u00a0 \u00a0 \u00a0 \u00a0 \u00a0 \u00a0 \u00a0 \u00a0 \u00a0 \u00a0 \u00a0 \u00a0 \u00a0 \u00a0 \u00a0 \u00a0 \u00a0 \u00a0 \u00a0 \u00a0 \u00a0 \u00a0 \u00a0 \u00a0 \u00a0 \u00a0 \u00a0 \u00a0 \u00a0 \u00a0 \u00a0 \u00a0 \u00a0 \u00a0 \u00a0 \u00a0 \u00a0 \u00a0 \u00a0 \u00a0 \u00a0 \u00a0 \u00a0 \u00a0 \u00a0 \u00a0 \u00a0<a style=\"font-family: inherit;font-size: 1em\" href=\"https:\/\/agora.xtec.cat\/ceiprivorubeo\/wp-content\/uploads\/usu2655\/2025\/10\/5c1238c50de694f06a349683-pedraforca-10-dias-10-cimas_2_790x454.jpeg\"><img loading=\"lazy\" decoding=\"async\" class=\"wp-image-4915 aligncenter\" src=\"https:\/\/agora.xtec.cat\/ceiprivorubeo\/wp-content\/uploads\/usu2655\/2025\/10\/5c1238c50de694f06a349683-pedraforca-10-dias-10-cimas_2_790x454.jpeg\" alt=\"\" width=\"349\" height=\"200\" srcset=\"https:\/\/agora.xtec.cat\/ceiprivorubeo\/wp-content\/uploads\/usu2655\/2025\/10\/5c1238c50de694f06a349683-pedraforca-10-dias-10-cimas_2_790x454.jpeg 790w, https:\/\/agora.xtec.cat\/ceiprivorubeo\/wp-content\/uploads\/usu2655\/2025\/10\/5c1238c50de694f06a349683-pedraforca-10-dias-10-cimas_2_790x454-300x172.jpeg 300w, https:\/\/agora.xtec.cat\/ceiprivorubeo\/wp-content\/uploads\/usu2655\/2025\/10\/5c1238c50de694f06a349683-pedraforca-10-dias-10-cimas_2_790x454-768x441.jpeg 768w\" sizes=\"auto, (max-width: 349px) 100vw, 349px\" \/><\/a><\/p>\n<\/li>\n<\/ul>\n<p data-start=\"866\" data-end=\"1131\">Al llarg del projecte, els alumnes treballen diferents aspectes relacionats amb la muntanya triada: la seva localitzaci\u00f3 geogr\u00e0fica, la flora i fauna de l&#8217;entorn, la seva formaci\u00f3 geol\u00f2gica i el valor cultural i hist\u00f2ric.<\/p>\n<p data-start=\"1133\" data-end=\"1325\">Amb aquest treball, es busca fomentar el coneixement del territori, el respecte pel medi ambient i el treball en equip, tot potenciant l\u2019observaci\u00f3, la recerca i la comunicaci\u00f3 oral i escrita.<\/p>\n<p data-start=\"1133\" data-end=\"1325\"><a href=\"https:\/\/agora.xtec.cat\/ceiprivorubeo\/wp-content\/uploads\/usu2655\/2025\/10\/20251008_100713-e1760686811119.jpg\"><img loading=\"lazy\" decoding=\"async\" class=\"aligncenter wp-image-4924 size-full\" src=\"https:\/\/agora.xtec.cat\/ceiprivorubeo\/wp-content\/uploads\/usu2655\/2025\/10\/20251008_100713-e1760687689343.jpg\" alt=\"\" width=\"793\" height=\"394\" srcset=\"https:\/\/agora.xtec.cat\/ceiprivorubeo\/wp-content\/uploads\/usu2655\/2025\/10\/20251008_100713-e1760687689343.jpg 793w, https:\/\/agora.xtec.cat\/ceiprivorubeo\/wp-content\/uploads\/usu2655\/2025\/10\/20251008_100713-e1760687689343-300x149.jpg 300w, https:\/\/agora.xtec.cat\/ceiprivorubeo\/wp-content\/uploads\/usu2655\/2025\/10\/20251008_100713-e1760687689343-768x382.jpg 768w\" sizes=\"auto, (max-width: 793px) 100vw, 793px\" \/><\/a><\/p>\n","protected":false},"excerpt":{"rendered":"<p>Presentaci\u00f3 del Projecte de 4t:<br \/>\n\u201cDescobrim les nostres muntanyes &#8211; Nom de les nostres Classes\u201d<br \/>\nAquest projecte t\u00e9 com a objectiu principal apropar l\u2019alumnat al patrimoni natural de Catalunya a trav\u00e9s de l\u2019estudi d\u2019una muntanya emblem\u00e0tica. Cada grup classe ha escollit una muntanya catalana per investigar-la&hellip;  <a href=\"https:\/\/agora.xtec.cat\/ceiprivorubeo\/general\/projecte-nom-de-la-classe-de-4t\/\" title=\"Read Els noms de les nostres classes de 4t  ;-)\">Llegeix m\u00e9s\u00bb<\/a><\/p>\n","protected":false},"author":18,"featured_media":4924,"comment_status":"open","ping_status":"open","sticky":false,"template":"","format":"standard","meta":{"_bbp_topic_count":0,"_bbp_reply_count":0,"_bbp_total_topic_count":0,"_bbp_total_reply_count":0,"_bbp_voice_count":0,"_bbp_anonymous_reply_count":0,"_bbp_topic_count_hidden":0,"_bbp_reply_count_hidden":0,"_bbp_forum_subforum_count":0,"footnotes":""},"categories":[11,1],"tags":[],"class_list":["post-4914","post","type-post","status-publish","format-standard","has-post-thumbnail","hentry","category-3r-mitjans","category-general"],"post_mailing_queue_ids":[],"_links":{"self":[{"href":"https:\/\/agora.xtec.cat\/ceiprivorubeo\/wp-json\/wp\/v2\/posts\/4914","targetHints":{"allow":["GET"]}}],"collection":[{"href":"https:\/\/agora.xtec.cat\/ceiprivorubeo\/wp-json\/wp\/v2\/posts"}],"about":[{"href":"https:\/\/agora.xtec.cat\/ceiprivorubeo\/wp-json\/wp\/v2\/types\/post"}],"author":[{"embeddable":true,"href":"https:\/\/agora.xtec.cat\/ceiprivorubeo\/wp-json\/wp\/v2\/users\/18"}],"replies":[{"embeddable":true,"href":"https:\/\/agora.xtec.cat\/ceiprivorubeo\/wp-json\/wp\/v2\/comments?post=4914"}],"version-history":[{"count":5,"href":"https:\/\/agora.xtec.cat\/ceiprivorubeo\/wp-json\/wp\/v2\/posts\/4914\/revisions"}],"predecessor-version":[{"id":4929,"href":"https:\/\/agora.xtec.cat\/ceiprivorubeo\/wp-json\/wp\/v2\/posts\/4914\/revisions\/4929"}],"wp:featuredmedia":[{"embeddable":true,"href":"https:\/\/agora.xtec.cat\/ceiprivorubeo\/wp-json\/wp\/v2\/media\/4924"}],"wp:attachment":[{"href":"https:\/\/agora.xtec.cat\/ceiprivorubeo\/wp-json\/wp\/v2\/media?parent=4914"}],"wp:term":[{"taxonomy":"category","embeddable":true,"href":"https:\/\/agora.xtec.cat\/ceiprivorubeo\/wp-json\/wp\/v2\/categories?post=4914"},{"taxonomy":"post_tag","embeddable":true,"href":"https:\/\/agora.xtec.cat\/ceiprivorubeo\/wp-json\/wp\/v2\/tags?post=4914"}],"curies":[{"name":"wp","href":"https:\/\/api.w.org\/{rel}","templated":true}]}}