{"id":4880,"date":"2025-09-29T15:11:30","date_gmt":"2025-09-29T13:11:30","guid":{"rendered":"https:\/\/agora.xtec.cat\/ceiprivorubeo\/?p=4880"},"modified":"2025-09-29T15:13:50","modified_gmt":"2025-09-29T13:13:50","slug":"ja-tenim-nom-de-la-classe","status":"publish","type":"post","link":"https:\/\/agora.xtec.cat\/ceiprivorubeo\/infantil\/ja-tenim-nom-de-la-classe\/","title":{"rendered":"Ja tenim nom de la classe!"},"content":{"rendered":"<p data-start=\"122\" data-end=\"448\">A les aules d\u2019I3 cada any triem el nom de la classe relacionat amb <strong data-start=\"189\" data-end=\"217\">els animals de la granja<\/strong>, ja que \u00e9s el projecte que ens acompanya durant tot el curs. A m\u00e9s, al tercer trimestre, farem una sortida molt especial a la granja de Can Pidelaserra, on podrem veure de ben a prop tots aquests animals que hem anat descobrint.<\/p>\n<p data-start=\"450\" data-end=\"711\">Per escollir el nom, primer vam dedicar uns dies a <strong data-start=\"501\" data-end=\"544\">con\u00e8ixer diferents animals de la granja<\/strong> a trav\u00e9s d\u2019imatges, contes, jocs de sons i fins i tot amb un <strong data-start=\"606\" data-end=\"630\">minim\u00f3n de la granja<\/strong> que ten\u00edem a l\u2019aula i que convidava els infants a explorar i jugar lliurement.<\/p>\n<p data-start=\"713\" data-end=\"1141\">Quan ja en sab\u00edem prou, vam col\u00b7locar les imatges de tots els animals al terra i, un per un, cada infant va poder escollir quin volia que fos l\u2019animal que don\u00e9s nom a la classe. Ho vam fer d\u2019una manera molt divertida: cada vegada que triaven un animal, col\u00b7locaven una pe\u00e7a de Lego sobre la seva imatge, i aix\u00ed an\u00e0vem construint torres.<\/p>\n<p data-start=\"1143\" data-end=\"1409\"><a href=\"https:\/\/agora.xtec.cat\/ceiprivorubeo\/wp-content\/uploads\/usu2655\/2025\/09\/20250926_103256-rotated.jpg\"><img loading=\"lazy\" decoding=\"async\" class=\"alignnone wp-image-4881 size-large\" src=\"https:\/\/agora.xtec.cat\/ceiprivorubeo\/wp-content\/uploads\/usu2655\/2025\/09\/20250926_103256-rotated-e1759147896363-759x1024.jpg\" alt=\"\" width=\"759\" height=\"1024\" srcset=\"https:\/\/agora.xtec.cat\/ceiprivorubeo\/wp-content\/uploads\/usu2655\/2025\/09\/20250926_103256-rotated-e1759147896363-759x1024.jpg 759w, https:\/\/agora.xtec.cat\/ceiprivorubeo\/wp-content\/uploads\/usu2655\/2025\/09\/20250926_103256-rotated-e1759147896363-222x300.jpg 222w, https:\/\/agora.xtec.cat\/ceiprivorubeo\/wp-content\/uploads\/usu2655\/2025\/09\/20250926_103256-rotated-e1759147896363-768x1037.jpg 768w, https:\/\/agora.xtec.cat\/ceiprivorubeo\/wp-content\/uploads\/usu2655\/2025\/09\/20250926_103256-rotated-e1759147896363.jpg 1126w\" sizes=\"auto, (max-width: 759px) 100vw, 759px\" \/><\/a><\/p>\n<p data-start=\"713\" data-end=\"1141\"><a href=\"https:\/\/agora.xtec.cat\/ceiprivorubeo\/wp-content\/uploads\/usu2655\/2025\/09\/20250926_103056.jpg\"><img loading=\"lazy\" decoding=\"async\" class=\"alignnone size-large wp-image-4888\" src=\"https:\/\/agora.xtec.cat\/ceiprivorubeo\/wp-content\/uploads\/usu2655\/2025\/09\/20250926_103056-1024x577.jpg\" alt=\"\" width=\"1024\" height=\"577\" srcset=\"https:\/\/agora.xtec.cat\/ceiprivorubeo\/wp-content\/uploads\/usu2655\/2025\/09\/20250926_103056-1024x577.jpg 1024w, https:\/\/agora.xtec.cat\/ceiprivorubeo\/wp-content\/uploads\/usu2655\/2025\/09\/20250926_103056-300x169.jpg 300w, https:\/\/agora.xtec.cat\/ceiprivorubeo\/wp-content\/uploads\/usu2655\/2025\/09\/20250926_103056-768x432.jpg 768w, https:\/\/agora.xtec.cat\/ceiprivorubeo\/wp-content\/uploads\/usu2655\/2025\/09\/20250926_103056-1536x865.jpg 1536w, https:\/\/agora.xtec.cat\/ceiprivorubeo\/wp-content\/uploads\/usu2655\/2025\/09\/20250926_103056.jpg 2000w\" sizes=\"auto, (max-width: 1024px) 100vw, 1024px\" \/><\/a><\/p>\n<p data-start=\"713\" data-end=\"1141\"><a href=\"https:\/\/agora.xtec.cat\/ceiprivorubeo\/wp-content\/uploads\/usu2655\/2025\/09\/20250926_102655-e1759147635290.jpg\"><img loading=\"lazy\" decoding=\"async\" class=\"alignnone size-large wp-image-4890\" src=\"https:\/\/agora.xtec.cat\/ceiprivorubeo\/wp-content\/uploads\/usu2655\/2025\/09\/20250926_102655-e1759147635290-1024x1011.jpg\" alt=\"\" width=\"1024\" height=\"1011\" srcset=\"https:\/\/agora.xtec.cat\/ceiprivorubeo\/wp-content\/uploads\/usu2655\/2025\/09\/20250926_102655-e1759147635290-1024x1011.jpg 1024w, https:\/\/agora.xtec.cat\/ceiprivorubeo\/wp-content\/uploads\/usu2655\/2025\/09\/20250926_102655-e1759147635290-300x296.jpg 300w, https:\/\/agora.xtec.cat\/ceiprivorubeo\/wp-content\/uploads\/usu2655\/2025\/09\/20250926_102655-e1759147635290-768x759.jpg 768w, https:\/\/agora.xtec.cat\/ceiprivorubeo\/wp-content\/uploads\/usu2655\/2025\/09\/20250926_102655-e1759147635290.jpg 1140w\" sizes=\"auto, (max-width: 1024px) 100vw, 1024px\" \/><\/a><\/p>\n<p data-start=\"713\" data-end=\"1141\">La torre m\u00e9s alta ens va donar el resultat final\u2026 i el guanyador va ser el <strong data-start=\"1125\" data-end=\"1135\">conill<\/strong>! \ud83e\udd73\u00a0Aix\u00ed doncs, ja us podem anunciar que som&#8230;\u00a0 <b>LA CLASSE DELS CONILLETS!<\/b><\/p>\n<p data-start=\"713\" data-end=\"1141\"><a href=\"https:\/\/agora.xtec.cat\/ceiprivorubeo\/wp-content\/uploads\/usu2655\/2025\/09\/20250926_103418.jpg\"><img loading=\"lazy\" decoding=\"async\" class=\"alignnone size-large wp-image-4882\" src=\"https:\/\/agora.xtec.cat\/ceiprivorubeo\/wp-content\/uploads\/usu2655\/2025\/09\/20250926_103418-1024x577.jpg\" alt=\"\" width=\"1024\" height=\"577\" srcset=\"https:\/\/agora.xtec.cat\/ceiprivorubeo\/wp-content\/uploads\/usu2655\/2025\/09\/20250926_103418-1024x577.jpg 1024w, https:\/\/agora.xtec.cat\/ceiprivorubeo\/wp-content\/uploads\/usu2655\/2025\/09\/20250926_103418-300x169.jpg 300w, https:\/\/agora.xtec.cat\/ceiprivorubeo\/wp-content\/uploads\/usu2655\/2025\/09\/20250926_103418-768x432.jpg 768w, https:\/\/agora.xtec.cat\/ceiprivorubeo\/wp-content\/uploads\/usu2655\/2025\/09\/20250926_103418-1536x865.jpg 1536w, https:\/\/agora.xtec.cat\/ceiprivorubeo\/wp-content\/uploads\/usu2655\/2025\/09\/20250926_103418.jpg 2000w\" sizes=\"auto, (max-width: 1024px) 100vw, 1024px\" \/><\/a><\/p>\n<p data-start=\"1143\" data-end=\"1409\"><a href=\"https:\/\/agora.xtec.cat\/ceiprivorubeo\/wp-content\/uploads\/usu2655\/2025\/09\/20250926_103523.jpg\"><img loading=\"lazy\" decoding=\"async\" class=\"alignnone size-large wp-image-4886\" src=\"https:\/\/agora.xtec.cat\/ceiprivorubeo\/wp-content\/uploads\/usu2655\/2025\/09\/20250926_103523-1024x577.jpg\" alt=\"\" width=\"1024\" height=\"577\" srcset=\"https:\/\/agora.xtec.cat\/ceiprivorubeo\/wp-content\/uploads\/usu2655\/2025\/09\/20250926_103523-1024x577.jpg 1024w, https:\/\/agora.xtec.cat\/ceiprivorubeo\/wp-content\/uploads\/usu2655\/2025\/09\/20250926_103523-300x169.jpg 300w, https:\/\/agora.xtec.cat\/ceiprivorubeo\/wp-content\/uploads\/usu2655\/2025\/09\/20250926_103523-768x432.jpg 768w, https:\/\/agora.xtec.cat\/ceiprivorubeo\/wp-content\/uploads\/usu2655\/2025\/09\/20250926_103523-1536x865.jpg 1536w, https:\/\/agora.xtec.cat\/ceiprivorubeo\/wp-content\/uploads\/usu2655\/2025\/09\/20250926_103523.jpg 2000w\" sizes=\"auto, (max-width: 1024px) 100vw, 1024px\" \/><\/a><\/p>\n<p data-start=\"1143\" data-end=\"1409\">Un cop decidit el nom, vam sortir ben contents a <strong data-start=\"1190\" data-end=\"1238\">explicar-ho a la resta de classes d\u2019infantil<\/strong>, que ens van rebre amb molta il\u00b7lusi\u00f3 i curiositat.<\/p>\n<p data-start=\"1143\" data-end=\"1409\"><a href=\"https:\/\/agora.xtec.cat\/ceiprivorubeo\/wp-content\/uploads\/usu2655\/2025\/09\/20250926_103842.jpg\"><img loading=\"lazy\" decoding=\"async\" class=\"alignnone size-large wp-image-4884\" src=\"https:\/\/agora.xtec.cat\/ceiprivorubeo\/wp-content\/uploads\/usu2655\/2025\/09\/20250926_103842-1024x577.jpg\" alt=\"\" width=\"1024\" height=\"577\" srcset=\"https:\/\/agora.xtec.cat\/ceiprivorubeo\/wp-content\/uploads\/usu2655\/2025\/09\/20250926_103842-1024x577.jpg 1024w, https:\/\/agora.xtec.cat\/ceiprivorubeo\/wp-content\/uploads\/usu2655\/2025\/09\/20250926_103842-300x169.jpg 300w, https:\/\/agora.xtec.cat\/ceiprivorubeo\/wp-content\/uploads\/usu2655\/2025\/09\/20250926_103842-768x432.jpg 768w, https:\/\/agora.xtec.cat\/ceiprivorubeo\/wp-content\/uploads\/usu2655\/2025\/09\/20250926_103842-1536x865.jpg 1536w, https:\/\/agora.xtec.cat\/ceiprivorubeo\/wp-content\/uploads\/usu2655\/2025\/09\/20250926_103842.jpg 2000w\" sizes=\"auto, (max-width: 1024px) 100vw, 1024px\" \/><\/a><\/p>\n<p data-start=\"1143\" data-end=\"1409\">Ben aviat iniciarem un petit projecte per con\u00e8ixer millor aquest animal tan simp\u00e0tic. Segur que ens ho passarem molt b\u00e9 descobrint com viuen, qu\u00e8 mengen i quines curiositats amaguen.<\/p>\n<p data-start=\"1411\" data-end=\"1484\">Esperem que ens ajudeu a descobrir moltes coses interessants!<\/p>\n","protected":false},"excerpt":{"rendered":"<p>A les aules d\u2019I3 cada any triem el nom de la classe relacionat amb els animals de la granja, ja que \u00e9s el projecte que ens acompanya durant tot el curs. A m\u00e9s, al tercer trimestre, farem una sortida molt especial a la granja de&hellip;  <a href=\"https:\/\/agora.xtec.cat\/ceiprivorubeo\/infantil\/ja-tenim-nom-de-la-classe\/\" title=\"Read Ja tenim nom de la classe!\">Llegeix m\u00e9s\u00bb<\/a><\/p>\n","protected":false},"author":5,"featured_media":0,"comment_status":"open","ping_status":"open","sticky":false,"template":"","format":"standard","meta":{"_bbp_topic_count":0,"_bbp_reply_count":0,"_bbp_total_topic_count":0,"_bbp_total_reply_count":0,"_bbp_voice_count":0,"_bbp_anonymous_reply_count":0,"_bbp_topic_count_hidden":0,"_bbp_reply_count_hidden":0,"_bbp_forum_subforum_count":0,"footnotes":""},"categories":[118,2],"tags":[],"class_list":["post-4880","post","type-post","status-publish","format-standard","hentry","category-i3-infantil","category-infantil"],"post_mailing_queue_ids":[],"_links":{"self":[{"href":"https:\/\/agora.xtec.cat\/ceiprivorubeo\/wp-json\/wp\/v2\/posts\/4880","targetHints":{"allow":["GET"]}}],"collection":[{"href":"https:\/\/agora.xtec.cat\/ceiprivorubeo\/wp-json\/wp\/v2\/posts"}],"about":[{"href":"https:\/\/agora.xtec.cat\/ceiprivorubeo\/wp-json\/wp\/v2\/types\/post"}],"author":[{"embeddable":true,"href":"https:\/\/agora.xtec.cat\/ceiprivorubeo\/wp-json\/wp\/v2\/users\/5"}],"replies":[{"embeddable":true,"href":"https:\/\/agora.xtec.cat\/ceiprivorubeo\/wp-json\/wp\/v2\/comments?post=4880"}],"version-history":[{"count":3,"href":"https:\/\/agora.xtec.cat\/ceiprivorubeo\/wp-json\/wp\/v2\/posts\/4880\/revisions"}],"predecessor-version":[{"id":4893,"href":"https:\/\/agora.xtec.cat\/ceiprivorubeo\/wp-json\/wp\/v2\/posts\/4880\/revisions\/4893"}],"wp:attachment":[{"href":"https:\/\/agora.xtec.cat\/ceiprivorubeo\/wp-json\/wp\/v2\/media?parent=4880"}],"wp:term":[{"taxonomy":"category","embeddable":true,"href":"https:\/\/agora.xtec.cat\/ceiprivorubeo\/wp-json\/wp\/v2\/categories?post=4880"},{"taxonomy":"post_tag","embeddable":true,"href":"https:\/\/agora.xtec.cat\/ceiprivorubeo\/wp-json\/wp\/v2\/tags?post=4880"}],"curies":[{"name":"wp","href":"https:\/\/api.w.org\/{rel}","templated":true}]}}