{"id":4846,"date":"2025-07-10T12:30:36","date_gmt":"2025-07-10T10:30:36","guid":{"rendered":"https:\/\/agora.xtec.cat\/ceiprivorubeo\/?p=4846"},"modified":"2025-07-10T12:30:36","modified_gmt":"2025-07-10T10:30:36","slug":"informacio-menjador-curs-25-26","status":"publish","type":"post","link":"https:\/\/agora.xtec.cat\/ceiprivorubeo\/portada\/informacio-menjador-curs-25-26\/","title":{"rendered":"Informaci\u00f3 menjador Curs 25-26"},"content":{"rendered":"<p>Benvolgudes fam\u00edlies,<\/p>\n<p>Us fem arribar la\u00a0informaci\u00f3\u00a0del\u00a0menjador\u00a0del curs 25-26.<\/p>\n<p>Ja us podeu inscriure a trav\u00e9s de\u00a0www.vadelleure.cat\/inscripcions\u00a0(recordeu que si ja teniu usuari de\u00a0Tpvescola, heu de fer servir el mateix, si no us recordeu quan poseu el vostre correu electr\u00f2nic el mateix programa us el recordar\u00e0).<\/p>\n<p>Per a organitzar el curs vinent, us demanem que feu les inscripcions com m\u00e9s aviat millor.<\/p>\n<p>Inici del servei de\u00a0menjador\u00a0el dia\u00a08 de setembre, excepte l&#8217;alumnat d&#8217;I3, que iniciar\u00e0 el servei de\u00a0menjador\u00a0el dia\u00a015 de setembre.<\/p>\n<p>Durem a terme la\u00a0reuni\u00f3 informativa el pr\u00f2xim 17 de setembre a les 16:45\u202fh\u00a0al\u00a0menjador\u00a0de l&#8217;escola o a trav\u00e9s del seg\u00fcent enlla\u00e7 (farem format presencial i telem\u00e0tic).<\/p>\n<p>https:\/\/meet.google.com\/jcp-jmrx-pcm\u00a0<\/p>\n<p><a href=\"https:\/\/agora.xtec.cat\/ceiprivorubeo\/wp-content\/uploads\/usu2655\/2025\/07\/ACOLLIDA-RIVO-25-26_page-0001-1.jpg\"><img loading=\"lazy\" decoding=\"async\" src=\"https:\/\/agora.xtec.cat\/ceiprivorubeo\/wp-content\/uploads\/usu2655\/2025\/07\/ACOLLIDA-RIVO-25-26_page-0001-1-1024x724.jpg\" alt=\"\" width=\"1024\" height=\"724\" class=\"alignright size-large wp-image-4847\" srcset=\"https:\/\/agora.xtec.cat\/ceiprivorubeo\/wp-content\/uploads\/usu2655\/2025\/07\/ACOLLIDA-RIVO-25-26_page-0001-1-1024x724.jpg 1024w, https:\/\/agora.xtec.cat\/ceiprivorubeo\/wp-content\/uploads\/usu2655\/2025\/07\/ACOLLIDA-RIVO-25-26_page-0001-1-300x212.jpg 300w, https:\/\/agora.xtec.cat\/ceiprivorubeo\/wp-content\/uploads\/usu2655\/2025\/07\/ACOLLIDA-RIVO-25-26_page-0001-1-768x543.jpg 768w, https:\/\/agora.xtec.cat\/ceiprivorubeo\/wp-content\/uploads\/usu2655\/2025\/07\/ACOLLIDA-RIVO-25-26_page-0001-1-1536x1086.jpg 1536w, https:\/\/agora.xtec.cat\/ceiprivorubeo\/wp-content\/uploads\/usu2655\/2025\/07\/ACOLLIDA-RIVO-25-26_page-0001-1.jpg 1755w\" sizes=\"auto, (max-width: 1024px) 100vw, 1024px\" \/><\/a><br \/>\n\u00a0<\/p>\n","protected":false},"excerpt":{"rendered":"<p>Benvolgudes fam\u00edlies,<br \/>\nUs fem arribar la\u00a0informaci\u00f3\u00a0del\u00a0menjador\u00a0del curs 25-26.<br \/>\nJa us podeu inscriure a trav\u00e9s de\u00a0www.vadelleure.cat\/inscripcions\u00a0(recordeu que si ja teniu usuari de\u00a0Tpvescola, heu de fer servir el mateix, si no us recordeu quan poseu el vostre correu electr\u00f2nic el mateix programa us el recordar\u00e0).<br \/>\nPer a organitzar el curs&hellip;  <a href=\"https:\/\/agora.xtec.cat\/ceiprivorubeo\/portada\/informacio-menjador-curs-25-26\/\" title=\"Read Informaci\u00f3 menjador Curs 25-26\">Llegeix m\u00e9s\u00bb<\/a><\/p>\n","protected":false},"author":1,"featured_media":0,"comment_status":"open","ping_status":"open","sticky":false,"template":"","format":"standard","meta":{"_bbp_topic_count":0,"_bbp_reply_count":0,"_bbp_total_topic_count":0,"_bbp_total_reply_count":0,"_bbp_voice_count":0,"_bbp_anonymous_reply_count":0,"_bbp_topic_count_hidden":0,"_bbp_reply_count_hidden":0,"_bbp_forum_subforum_count":0,"footnotes":""},"categories":[92,4],"tags":[],"class_list":["post-4846","post","type-post","status-publish","format-standard","hentry","category-menjador-noticies","category-portada"],"post_mailing_queue_ids":[],"_links":{"self":[{"href":"https:\/\/agora.xtec.cat\/ceiprivorubeo\/wp-json\/wp\/v2\/posts\/4846","targetHints":{"allow":["GET"]}}],"collection":[{"href":"https:\/\/agora.xtec.cat\/ceiprivorubeo\/wp-json\/wp\/v2\/posts"}],"about":[{"href":"https:\/\/agora.xtec.cat\/ceiprivorubeo\/wp-json\/wp\/v2\/types\/post"}],"author":[{"embeddable":true,"href":"https:\/\/agora.xtec.cat\/ceiprivorubeo\/wp-json\/wp\/v2\/users\/1"}],"replies":[{"embeddable":true,"href":"https:\/\/agora.xtec.cat\/ceiprivorubeo\/wp-json\/wp\/v2\/comments?post=4846"}],"version-history":[{"count":1,"href":"https:\/\/agora.xtec.cat\/ceiprivorubeo\/wp-json\/wp\/v2\/posts\/4846\/revisions"}],"predecessor-version":[{"id":4848,"href":"https:\/\/agora.xtec.cat\/ceiprivorubeo\/wp-json\/wp\/v2\/posts\/4846\/revisions\/4848"}],"wp:attachment":[{"href":"https:\/\/agora.xtec.cat\/ceiprivorubeo\/wp-json\/wp\/v2\/media?parent=4846"}],"wp:term":[{"taxonomy":"category","embeddable":true,"href":"https:\/\/agora.xtec.cat\/ceiprivorubeo\/wp-json\/wp\/v2\/categories?post=4846"},{"taxonomy":"post_tag","embeddable":true,"href":"https:\/\/agora.xtec.cat\/ceiprivorubeo\/wp-json\/wp\/v2\/tags?post=4846"}],"curies":[{"name":"wp","href":"https:\/\/api.w.org\/{rel}","templated":true}]}}