{"id":4811,"date":"2025-04-30T10:41:21","date_gmt":"2025-04-30T08:41:21","guid":{"rendered":"https:\/\/agora.xtec.cat\/ceiprivorubeo\/?p=4811"},"modified":"2025-04-30T10:41:21","modified_gmt":"2025-04-30T08:41:21","slug":"st-ponc-a-les-aules-de-petits","status":"publish","type":"post","link":"https:\/\/agora.xtec.cat\/ceiprivorubeo\/infantil\/st-ponc-a-les-aules-de-petits\/","title":{"rendered":"St. Pon\u00e7 a les aules de Petits"},"content":{"rendered":"<p>El pr\u00f2xim divendres<strong> 9 de maig\u00a0<\/strong>a la tarda, els\/les alumnes d\u2019Infantil us convidem a compartir amb nosaltres la\u00a0<strong>festa de\u00a0Sant\u00a0Pon\u00e7.<\/strong>\u00a0Amb l\u2019arribada de la primavera, celebrem la diada de\u00a0Sant\u00a0Pon\u00e7,\u00a0el\u00a0<strong>patr\u00f3 dels herbolaris<\/strong>; en diverses ciutats i pobles de Catalunya s\u2019organitzen fires en les quals les herbes remeieres, la mel, els dol\u00e7os, fruites en alm\u00edvar i productes confitats s\u00f3n protagonistes.<\/p>\n<p>Al llarg de la setmana del 5 al 9 de maig farem moltes activitats a les aules i per compartir amb vosaltres tot el que estarem fent aquests dies, obrirem les portes a tots els pares, mares, avis, \u00e0vies i familiars que vulgueu venir. Us rebrem a cada aula i des d\u2019all\u00e0 comen\u00e7areu una ruta per diferents espais de l\u2019escola durant la qual els vostres infants us aniran explicant tot el que han treballat.<\/p>\n<p>&nbsp;<\/p>\n<p>Per gaudir de totes aquestes activitats us demanem participar de dues maneres:<\/p>\n<ul>\n<li><strong>HERBES REMEIERES: Si<\/strong> alg\u00fa t\u00e9 o coneix alguna herba remeiera la pot portar a l\u2019aula amb una petita explicaci\u00f3 de per a quina afecci\u00f3 la fem servir (per exemple: camamilla pel mal de panxa).<\/li>\n<li><strong>TEST: el<\/strong>\u00a0dia 9 farem una activitat en la qual necessitareu un <strong>test petit\u00a0<\/strong>de pl\u00e0stic o terrissa. Al llarg de la setmana vinent porteu-lo a l\u2019escola\u00a0<strong>amb el nom del nen\/a escrit a fora<\/strong>.<\/li>\n<\/ul>\n<p>A continuaci\u00f3 us detallem informaci\u00f3 important pel dia de l&#8217;activitat:<\/p>\n<ul>\n<li><strong>DIA I HORA DE L\u2019ACTIVITAT<\/strong>:\u00a0<strong>DIVENDRES 9 de maig<\/strong>\u00a0les\u00a0<strong>15.15\u202fh,<\/strong>\u00a0entrada<strong>\u00a0<\/strong>per la porta principal.<\/li>\n<li><strong>BERENAR: us<\/strong>\u00a0convidarem a fer un tastet de tot el que hem preparat. Us avancem que hi haur\u00e0 una taula espec\u00edfica amb\u00a0<strong>menjar sense gluten<\/strong>, estar\u00e0 ben indicat, per\u00f2\u00a0<strong>pareu atenci\u00f3 en reservar-lo per les persones que ho necessiten<\/strong>.<\/li>\n<li><strong>ASSIST\u00c8NCIA: <\/strong>us demanem que respongueu el mail que us han enviat des de les tutories en cas que <strong>NO PUGUEU VENIR<\/strong> aquella tarda informant la tutora, d\u2019aquesta manera ens organitzarem per acompanyar als infants.<\/li>\n<\/ul>\n<p>Us hi esperem!<\/p>\n<p>&nbsp;<\/p>\n","protected":false},"excerpt":{"rendered":"<p>El pr\u00f2xim divendres 9 de maig\u00a0a la tarda, els\/les alumnes d\u2019Infantil us convidem a compartir amb nosaltres la\u00a0festa de\u00a0Sant\u00a0Pon\u00e7.\u00a0Amb l\u2019arribada de la primavera, celebrem la diada de\u00a0Sant\u00a0Pon\u00e7,\u00a0el\u00a0patr\u00f3 dels herbolaris; en diverses ciutats i pobles de Catalunya s\u2019organitzen fires en les quals les herbes remeieres, la&hellip;  <a href=\"https:\/\/agora.xtec.cat\/ceiprivorubeo\/infantil\/st-ponc-a-les-aules-de-petits\/\" title=\"Read St. Pon\u00e7 a les aules de Petits\">Llegeix m\u00e9s\u00bb<\/a><\/p>\n","protected":false},"author":1,"featured_media":0,"comment_status":"open","ping_status":"closed","sticky":false,"template":"","format":"standard","meta":{"_bbp_topic_count":0,"_bbp_reply_count":0,"_bbp_total_topic_count":0,"_bbp_total_reply_count":0,"_bbp_voice_count":0,"_bbp_anonymous_reply_count":0,"_bbp_topic_count_hidden":0,"_bbp_reply_count_hidden":0,"_bbp_forum_subforum_count":0,"footnotes":""},"categories":[65,78,118,105,3,2,4],"tags":[],"class_list":["post-4811","post","type-post","status-publish","format-standard","hentry","category-butlleti","category-butlletins-publicats","category-i3-infantil","category-i3","category-i4","category-infantil","category-portada"],"post_mailing_queue_ids":[],"_links":{"self":[{"href":"https:\/\/agora.xtec.cat\/ceiprivorubeo\/wp-json\/wp\/v2\/posts\/4811","targetHints":{"allow":["GET"]}}],"collection":[{"href":"https:\/\/agora.xtec.cat\/ceiprivorubeo\/wp-json\/wp\/v2\/posts"}],"about":[{"href":"https:\/\/agora.xtec.cat\/ceiprivorubeo\/wp-json\/wp\/v2\/types\/post"}],"author":[{"embeddable":true,"href":"https:\/\/agora.xtec.cat\/ceiprivorubeo\/wp-json\/wp\/v2\/users\/1"}],"replies":[{"embeddable":true,"href":"https:\/\/agora.xtec.cat\/ceiprivorubeo\/wp-json\/wp\/v2\/comments?post=4811"}],"version-history":[{"count":1,"href":"https:\/\/agora.xtec.cat\/ceiprivorubeo\/wp-json\/wp\/v2\/posts\/4811\/revisions"}],"predecessor-version":[{"id":4812,"href":"https:\/\/agora.xtec.cat\/ceiprivorubeo\/wp-json\/wp\/v2\/posts\/4811\/revisions\/4812"}],"wp:attachment":[{"href":"https:\/\/agora.xtec.cat\/ceiprivorubeo\/wp-json\/wp\/v2\/media?parent=4811"}],"wp:term":[{"taxonomy":"category","embeddable":true,"href":"https:\/\/agora.xtec.cat\/ceiprivorubeo\/wp-json\/wp\/v2\/categories?post=4811"},{"taxonomy":"post_tag","embeddable":true,"href":"https:\/\/agora.xtec.cat\/ceiprivorubeo\/wp-json\/wp\/v2\/tags?post=4811"}],"curies":[{"name":"wp","href":"https:\/\/api.w.org\/{rel}","templated":true}]}}