{"id":4786,"date":"2025-04-24T16:17:44","date_gmt":"2025-04-24T14:17:44","guid":{"rendered":"https:\/\/agora.xtec.cat\/ceiprivorubeo\/?p=4786"},"modified":"2025-04-24T16:17:44","modified_gmt":"2025-04-24T14:17:44","slug":"ajuts-menjador-escolar-curs-2025-2026","status":"publish","type":"post","link":"https:\/\/agora.xtec.cat\/ceiprivorubeo\/portada\/ajuts-menjador-escolar-curs-2025-2026\/","title":{"rendered":"Ajuts menjador escolar curs 2025-2026"},"content":{"rendered":"<p>Us fem arribar la informaci\u00f3 i la sol\u00b7licitud amb relaci\u00f3 a la concessi\u00f3 dels ajuts de menjador escolar del Consell Comarcal del Vall\u00e8s Occidental per al curs vinent 2025-2026.<br \/>\nTant la sol\u00b7licitud com la validaci\u00f3 de l\u2019esborrany s\u2019han de presentar de forma TELEM\u00c0TICA. L\u2019enlla\u00e7 per accedir al tr\u00e0mit telem\u00e0tic \u00e9s el seg\u00fcent: <a href=\"https:\/\/seu.rubi.cat\/catalogoTramites\/show\/548\">https:\/\/seu.rubi.cat\/catalogoTramites\/show\/548<\/a><\/p>\n<p>A continuaci\u00f3 podeu consultar m\u00e9s informaci\u00f3 en el seg\u00fcent <a href=\"https:\/\/agora.xtec.cat\/ceiprivorubeo\/wp-content\/uploads\/usu2655\/2025\/04\/Carta.pdf\">enlla\u00e7<\/a>.<\/p>\n","protected":false},"excerpt":{"rendered":"<p>Us fem arribar la informaci\u00f3 i la sol\u00b7licitud amb relaci\u00f3 a la concessi\u00f3 dels ajuts de menjador escolar del Consell Comarcal del Vall\u00e8s Occidental per al curs vinent 2025-2026.<br \/>\nTant la sol\u00b7licitud com la validaci\u00f3 de l\u2019esborrany s\u2019han de presentar de forma TELEM\u00c0TICA. L\u2019enlla\u00e7 per accedir&hellip;  <a href=\"https:\/\/agora.xtec.cat\/ceiprivorubeo\/portada\/ajuts-menjador-escolar-curs-2025-2026\/\" title=\"Read Ajuts menjador escolar curs 2025-2026\">Llegeix m\u00e9s\u00bb<\/a><\/p>\n","protected":false},"author":1,"featured_media":0,"comment_status":"open","ping_status":"closed","sticky":false,"template":"","format":"standard","meta":{"_bbp_topic_count":0,"_bbp_reply_count":0,"_bbp_total_topic_count":0,"_bbp_total_reply_count":0,"_bbp_voice_count":0,"_bbp_anonymous_reply_count":0,"_bbp_topic_count_hidden":0,"_bbp_reply_count_hidden":0,"_bbp_forum_subforum_count":0,"footnotes":""},"categories":[65,4],"tags":[],"class_list":["post-4786","post","type-post","status-publish","format-standard","hentry","category-butlleti","category-portada"],"post_mailing_queue_ids":[],"_links":{"self":[{"href":"https:\/\/agora.xtec.cat\/ceiprivorubeo\/wp-json\/wp\/v2\/posts\/4786","targetHints":{"allow":["GET"]}}],"collection":[{"href":"https:\/\/agora.xtec.cat\/ceiprivorubeo\/wp-json\/wp\/v2\/posts"}],"about":[{"href":"https:\/\/agora.xtec.cat\/ceiprivorubeo\/wp-json\/wp\/v2\/types\/post"}],"author":[{"embeddable":true,"href":"https:\/\/agora.xtec.cat\/ceiprivorubeo\/wp-json\/wp\/v2\/users\/1"}],"replies":[{"embeddable":true,"href":"https:\/\/agora.xtec.cat\/ceiprivorubeo\/wp-json\/wp\/v2\/comments?post=4786"}],"version-history":[{"count":1,"href":"https:\/\/agora.xtec.cat\/ceiprivorubeo\/wp-json\/wp\/v2\/posts\/4786\/revisions"}],"predecessor-version":[{"id":4788,"href":"https:\/\/agora.xtec.cat\/ceiprivorubeo\/wp-json\/wp\/v2\/posts\/4786\/revisions\/4788"}],"wp:attachment":[{"href":"https:\/\/agora.xtec.cat\/ceiprivorubeo\/wp-json\/wp\/v2\/media?parent=4786"}],"wp:term":[{"taxonomy":"category","embeddable":true,"href":"https:\/\/agora.xtec.cat\/ceiprivorubeo\/wp-json\/wp\/v2\/categories?post=4786"},{"taxonomy":"post_tag","embeddable":true,"href":"https:\/\/agora.xtec.cat\/ceiprivorubeo\/wp-json\/wp\/v2\/tags?post=4786"}],"curies":[{"name":"wp","href":"https:\/\/api.w.org\/{rel}","templated":true}]}}