{"id":4775,"date":"2025-04-23T21:36:27","date_gmt":"2025-04-23T19:36:27","guid":{"rendered":"https:\/\/agora.xtec.cat\/ceiprivorubeo\/?p=4775"},"modified":"2025-04-26T20:22:17","modified_gmt":"2025-04-26T18:22:17","slug":"termini-obert-per-ajuts-del-casal-destiu","status":"publish","type":"post","link":"https:\/\/agora.xtec.cat\/ceiprivorubeo\/portada\/termini-obert-per-ajuts-del-casal-destiu\/","title":{"rendered":"Termini obert per ajuts del casal d&#8217;estiu"},"content":{"rendered":"<p>AFA informa \ud83d\udce2<\/p>\n<p>\u203c\ufe0fFam\u00edlies ja est\u00e0 obert el termini per presentar les sol\u00b7licituds per les Ajudes de casals d&#8217;estiu 2025.<\/p>\n<p>Adjuntem l\u2019enlla\u00e7 al tr\u00e0mit: <a href=\"https:\/\/seu.rubi.cat\/catalogoTramites\/show\/572\">https:\/\/seu.rubi.cat\/catalogoTramites\/show\/572<\/a><\/p>\n<p><a href=\"https:\/\/agora.xtec.cat\/ceiprivorubeo\/portada\/termini-obert-per-ajuts-del-casal-destiu\/attachment\/rr-informacia%c2%b3-fama_lies-casal-2025_compressed\/\" rel=\"attachment wp-att-4806\">M\u00e9s informaci\u00f3 al document adjunt, cliqueu per descarregar<\/a><\/p>\n<p>Vocalia de Lleure<\/p>\n","protected":false},"excerpt":{"rendered":"<p>Per a m\u00e9s informaci\u00f3, cliqueu al t\u00edtol o a \u201cLlegeix m\u00e9s\u2026\u201d&hellip;  <a href=\"https:\/\/agora.xtec.cat\/ceiprivorubeo\/portada\/termini-obert-per-ajuts-del-casal-destiu\/\" title=\"Read Termini obert per ajuts del casal d&#8217;estiu\">Llegeix m\u00e9s\u00bb<\/a><\/p>\n","protected":false},"author":4,"featured_media":4776,"comment_status":"open","ping_status":"closed","sticky":false,"template":"","format":"standard","meta":{"_bbp_topic_count":0,"_bbp_reply_count":0,"_bbp_total_topic_count":0,"_bbp_total_reply_count":0,"_bbp_voice_count":0,"_bbp_anonymous_reply_count":0,"_bbp_topic_count_hidden":0,"_bbp_reply_count_hidden":0,"_bbp_forum_subforum_count":0,"footnotes":""},"categories":[7,4],"tags":[97,98,124],"class_list":["post-4775","post","type-post","status-publish","format-standard","has-post-thumbnail","hentry","category-afa","category-portada","tag-afa","tag-casal","tag-lleure"],"post_mailing_queue_ids":[],"_links":{"self":[{"href":"https:\/\/agora.xtec.cat\/ceiprivorubeo\/wp-json\/wp\/v2\/posts\/4775","targetHints":{"allow":["GET"]}}],"collection":[{"href":"https:\/\/agora.xtec.cat\/ceiprivorubeo\/wp-json\/wp\/v2\/posts"}],"about":[{"href":"https:\/\/agora.xtec.cat\/ceiprivorubeo\/wp-json\/wp\/v2\/types\/post"}],"author":[{"embeddable":true,"href":"https:\/\/agora.xtec.cat\/ceiprivorubeo\/wp-json\/wp\/v2\/users\/4"}],"replies":[{"embeddable":true,"href":"https:\/\/agora.xtec.cat\/ceiprivorubeo\/wp-json\/wp\/v2\/comments?post=4775"}],"version-history":[{"count":4,"href":"https:\/\/agora.xtec.cat\/ceiprivorubeo\/wp-json\/wp\/v2\/posts\/4775\/revisions"}],"predecessor-version":[{"id":4807,"href":"https:\/\/agora.xtec.cat\/ceiprivorubeo\/wp-json\/wp\/v2\/posts\/4775\/revisions\/4807"}],"wp:featuredmedia":[{"embeddable":true,"href":"https:\/\/agora.xtec.cat\/ceiprivorubeo\/wp-json\/wp\/v2\/media\/4776"}],"wp:attachment":[{"href":"https:\/\/agora.xtec.cat\/ceiprivorubeo\/wp-json\/wp\/v2\/media?parent=4775"}],"wp:term":[{"taxonomy":"category","embeddable":true,"href":"https:\/\/agora.xtec.cat\/ceiprivorubeo\/wp-json\/wp\/v2\/categories?post=4775"},{"taxonomy":"post_tag","embeddable":true,"href":"https:\/\/agora.xtec.cat\/ceiprivorubeo\/wp-json\/wp\/v2\/tags?post=4775"}],"curies":[{"name":"wp","href":"https:\/\/api.w.org\/{rel}","templated":true}]}}