{"id":4770,"date":"2025-04-11T09:46:51","date_gmt":"2025-04-11T07:46:51","guid":{"rendered":"https:\/\/agora.xtec.cat\/ceiprivorubeo\/?p=4770"},"modified":"2025-04-11T09:49:44","modified_gmt":"2025-04-11T07:49:44","slug":"ajuts-casals-destiu-2025","status":"publish","type":"post","link":"https:\/\/agora.xtec.cat\/ceiprivorubeo\/portada\/ajuts-casals-destiu-2025\/","title":{"rendered":"Ajuts casals d&#8217;estiu 2025"},"content":{"rendered":"<p>Com cada any, l\u2019Ajuntament de Rub\u00ed vol garantir que durant el per\u00edode de vacances escolars d\u2019estiu tots els infants de la ciutat tinguin l\u2019oportunitat de participar en activitats l\u00fadiques que alhora permeten fer m\u00e9s compatibles els horaris laborals de les fam\u00edlies amb l\u2019atenci\u00f3 als fills i filles.<br \/>\nAmb aquesta finalitat, l\u2019Ajuntament col\u00b7labora amb els casals d\u2019estiu organitzats per diverses entitats de la ciutat i ha establert ajudes econ\u00f2miques per a donar suport a aquelles fam\u00edlies que tenen dificultats per assumir-ne el cost, per tal que cap infant en quedi excl\u00f2s.<br \/>\nPer aquest motiu, el consistori ofereix la possibilitat de demanar l\u2019ajut per als casals d\u2019estiu 2025 organitzats per les escoles p\u00fabliques d\u2019educaci\u00f3 infantil i prim\u00e0ria i AFA i AMPA de les escoles p\u00fabliques d\u2019educaci\u00f3 infantil i prim\u00e0ria i que es realitzaran en centres educatius de Rub\u00ed del 30 de juny a l\u20191 d\u2019agost.<\/p>\n<p>Cliqueu a l&#8217;enlla\u00e7 per a m\u00e9s informaci\u00f3: \u00a0\u00a0<a href=\"https:\/\/agora.xtec.cat\/ceiprivorubeo\/wp-content\/uploads\/usu2655\/2025\/04\/Carta-families-ajuts-Casals-25.pdf\">Carta fam\u00edlies ajuts Casals 25<\/a><\/p>\n","protected":false},"excerpt":{"rendered":"<p>Com cada any, l\u2019Ajuntament de Rub\u00ed vol garantir que durant el per\u00edode de vacances escolars d\u2019estiu tots els infants de la ciutat tinguin l\u2019oportunitat de participar en activitats l\u00fadiques que alhora permeten fer m\u00e9s compatibles els horaris laborals de les fam\u00edlies amb l\u2019atenci\u00f3 als fills&hellip;  <a href=\"https:\/\/agora.xtec.cat\/ceiprivorubeo\/portada\/ajuts-casals-destiu-2025\/\" title=\"Read Ajuts casals d&#8217;estiu 2025\">Llegeix m\u00e9s\u00bb<\/a><\/p>\n","protected":false},"author":1,"featured_media":0,"comment_status":"open","ping_status":"closed","sticky":false,"template":"","format":"standard","meta":{"_bbp_topic_count":0,"_bbp_reply_count":0,"_bbp_total_topic_count":0,"_bbp_total_reply_count":0,"_bbp_voice_count":0,"_bbp_anonymous_reply_count":0,"_bbp_topic_count_hidden":0,"_bbp_reply_count_hidden":0,"_bbp_forum_subforum_count":0,"footnotes":""},"categories":[7,65,78,4],"tags":[],"class_list":["post-4770","post","type-post","status-publish","format-standard","hentry","category-afa","category-butlleti","category-butlletins-publicats","category-portada"],"post_mailing_queue_ids":[],"_links":{"self":[{"href":"https:\/\/agora.xtec.cat\/ceiprivorubeo\/wp-json\/wp\/v2\/posts\/4770","targetHints":{"allow":["GET"]}}],"collection":[{"href":"https:\/\/agora.xtec.cat\/ceiprivorubeo\/wp-json\/wp\/v2\/posts"}],"about":[{"href":"https:\/\/agora.xtec.cat\/ceiprivorubeo\/wp-json\/wp\/v2\/types\/post"}],"author":[{"embeddable":true,"href":"https:\/\/agora.xtec.cat\/ceiprivorubeo\/wp-json\/wp\/v2\/users\/1"}],"replies":[{"embeddable":true,"href":"https:\/\/agora.xtec.cat\/ceiprivorubeo\/wp-json\/wp\/v2\/comments?post=4770"}],"version-history":[{"count":2,"href":"https:\/\/agora.xtec.cat\/ceiprivorubeo\/wp-json\/wp\/v2\/posts\/4770\/revisions"}],"predecessor-version":[{"id":4773,"href":"https:\/\/agora.xtec.cat\/ceiprivorubeo\/wp-json\/wp\/v2\/posts\/4770\/revisions\/4773"}],"wp:attachment":[{"href":"https:\/\/agora.xtec.cat\/ceiprivorubeo\/wp-json\/wp\/v2\/media?parent=4770"}],"wp:term":[{"taxonomy":"category","embeddable":true,"href":"https:\/\/agora.xtec.cat\/ceiprivorubeo\/wp-json\/wp\/v2\/categories?post=4770"},{"taxonomy":"post_tag","embeddable":true,"href":"https:\/\/agora.xtec.cat\/ceiprivorubeo\/wp-json\/wp\/v2\/tags?post=4770"}],"curies":[{"name":"wp","href":"https:\/\/api.w.org\/{rel}","templated":true}]}}