{"id":4715,"date":"2025-03-27T13:32:44","date_gmt":"2025-03-27T12:32:44","guid":{"rendered":"https:\/\/agora.xtec.cat\/ceiprivorubeo\/?p=4715"},"modified":"2025-03-27T13:32:44","modified_gmt":"2025-03-27T12:32:44","slug":"taller-de-la-frida-kahlo","status":"publish","type":"post","link":"https:\/\/agora.xtec.cat\/ceiprivorubeo\/infantil\/taller-de-la-frida-kahlo\/","title":{"rendered":"Taller de la Frida Kahlo"},"content":{"rendered":"<p style=\"text-align: justify\">Hola fam\u00edlies!!!<\/p>\n<p style=\"text-align: justify\">Com ja sabeu, un dels tallers que fem a infantil \u00e9s el de la <strong>Frida Kahlo<\/strong>, una artista mexicana coneguda pels seus autoretrats i les seves pintures. Aquest taller est\u00e0 enfocat a <strong>l&#8217;art<\/strong> i la <strong>creativitat<\/strong>, i ofereix un espai on cada petit i petita artista pot deixar volar la seva imaginaci\u00f3 i fer les seves pr\u00f2pies creacions experimentant amb diferents suports, eines i t\u00e8cniques. L&#8217;objectiu principal \u00e9s que els infants, a trav\u00e9s d&#8217;experi\u00e8ncies diverses com pintar, modelar, retallar o enganxar, gaudeixin i puguin expressar les seves emocions i sentiments de forma lliure i plaent.<\/p>\n<p style=\"text-align: justify\">A continuaci\u00f3, podreu veure un petit recull d&#8217;imatges de les diferents propostes que hem dut a terme.<\/p>\n<p><a href=\"https:\/\/agora.xtec.cat\/ceiprivorubeo\/wp-content\/uploads\/usu2655\/2025\/03\/WhatsApp-Image-2025-03-23-at-11.22.12.jpeg\"><img loading=\"lazy\" decoding=\"async\" class=\"alignnone size-large wp-image-4732\" src=\"https:\/\/agora.xtec.cat\/ceiprivorubeo\/wp-content\/uploads\/usu2655\/2025\/03\/WhatsApp-Image-2025-03-23-at-11.22.12-768x1024.jpeg\" alt=\"\" width=\"768\" height=\"1024\" srcset=\"https:\/\/agora.xtec.cat\/ceiprivorubeo\/wp-content\/uploads\/usu2655\/2025\/03\/WhatsApp-Image-2025-03-23-at-11.22.12-768x1024.jpeg 768w, https:\/\/agora.xtec.cat\/ceiprivorubeo\/wp-content\/uploads\/usu2655\/2025\/03\/WhatsApp-Image-2025-03-23-at-11.22.12-225x300.jpeg 225w, https:\/\/agora.xtec.cat\/ceiprivorubeo\/wp-content\/uploads\/usu2655\/2025\/03\/WhatsApp-Image-2025-03-23-at-11.22.12-1152x1536.jpeg 1152w, https:\/\/agora.xtec.cat\/ceiprivorubeo\/wp-content\/uploads\/usu2655\/2025\/03\/WhatsApp-Image-2025-03-23-at-11.22.12.jpeg 1200w\" sizes=\"auto, (max-width: 768px) 100vw, 768px\" \/><\/a> <a href=\"https:\/\/agora.xtec.cat\/ceiprivorubeo\/wp-content\/uploads\/usu2655\/2025\/03\/WhatsApp-Image-2025-03-23-at-11.22.13-6.jpeg\"><img loading=\"lazy\" decoding=\"async\" class=\"alignnone size-large wp-image-4733\" src=\"https:\/\/agora.xtec.cat\/ceiprivorubeo\/wp-content\/uploads\/usu2655\/2025\/03\/WhatsApp-Image-2025-03-23-at-11.22.13-6-768x1024.jpeg\" alt=\"\" width=\"768\" height=\"1024\" srcset=\"https:\/\/agora.xtec.cat\/ceiprivorubeo\/wp-content\/uploads\/usu2655\/2025\/03\/WhatsApp-Image-2025-03-23-at-11.22.13-6-768x1024.jpeg 768w, https:\/\/agora.xtec.cat\/ceiprivorubeo\/wp-content\/uploads\/usu2655\/2025\/03\/WhatsApp-Image-2025-03-23-at-11.22.13-6-225x300.jpeg 225w, https:\/\/agora.xtec.cat\/ceiprivorubeo\/wp-content\/uploads\/usu2655\/2025\/03\/WhatsApp-Image-2025-03-23-at-11.22.13-6-1152x1536.jpeg 1152w, https:\/\/agora.xtec.cat\/ceiprivorubeo\/wp-content\/uploads\/usu2655\/2025\/03\/WhatsApp-Image-2025-03-23-at-11.22.13-6.jpeg 1200w\" sizes=\"auto, (max-width: 768px) 100vw, 768px\" \/><\/a> <a href=\"https:\/\/agora.xtec.cat\/ceiprivorubeo\/wp-content\/uploads\/usu2655\/2025\/03\/WhatsApp-Image-2025-03-23-at-11.22.13-5.jpeg\"><img loading=\"lazy\" decoding=\"async\" class=\"alignnone size-large wp-image-4734\" src=\"https:\/\/agora.xtec.cat\/ceiprivorubeo\/wp-content\/uploads\/usu2655\/2025\/03\/WhatsApp-Image-2025-03-23-at-11.22.13-5-768x1024.jpeg\" alt=\"\" width=\"768\" height=\"1024\" srcset=\"https:\/\/agora.xtec.cat\/ceiprivorubeo\/wp-content\/uploads\/usu2655\/2025\/03\/WhatsApp-Image-2025-03-23-at-11.22.13-5-768x1024.jpeg 768w, https:\/\/agora.xtec.cat\/ceiprivorubeo\/wp-content\/uploads\/usu2655\/2025\/03\/WhatsApp-Image-2025-03-23-at-11.22.13-5-225x300.jpeg 225w, https:\/\/agora.xtec.cat\/ceiprivorubeo\/wp-content\/uploads\/usu2655\/2025\/03\/WhatsApp-Image-2025-03-23-at-11.22.13-5-1152x1536.jpeg 1152w, https:\/\/agora.xtec.cat\/ceiprivorubeo\/wp-content\/uploads\/usu2655\/2025\/03\/WhatsApp-Image-2025-03-23-at-11.22.13-5.jpeg 1200w\" sizes=\"auto, (max-width: 768px) 100vw, 768px\" \/><\/a> <a href=\"https:\/\/agora.xtec.cat\/ceiprivorubeo\/wp-content\/uploads\/usu2655\/2025\/03\/WhatsApp-Image-2025-03-23-at-11.22.13-4.jpeg\"><img loading=\"lazy\" decoding=\"async\" class=\"alignnone size-large wp-image-4735\" src=\"https:\/\/agora.xtec.cat\/ceiprivorubeo\/wp-content\/uploads\/usu2655\/2025\/03\/WhatsApp-Image-2025-03-23-at-11.22.13-4-768x1024.jpeg\" alt=\"\" width=\"768\" height=\"1024\" srcset=\"https:\/\/agora.xtec.cat\/ceiprivorubeo\/wp-content\/uploads\/usu2655\/2025\/03\/WhatsApp-Image-2025-03-23-at-11.22.13-4-768x1024.jpeg 768w, https:\/\/agora.xtec.cat\/ceiprivorubeo\/wp-content\/uploads\/usu2655\/2025\/03\/WhatsApp-Image-2025-03-23-at-11.22.13-4-225x300.jpeg 225w, https:\/\/agora.xtec.cat\/ceiprivorubeo\/wp-content\/uploads\/usu2655\/2025\/03\/WhatsApp-Image-2025-03-23-at-11.22.13-4-1152x1536.jpeg 1152w, https:\/\/agora.xtec.cat\/ceiprivorubeo\/wp-content\/uploads\/usu2655\/2025\/03\/WhatsApp-Image-2025-03-23-at-11.22.13-4.jpeg 1200w\" sizes=\"auto, (max-width: 768px) 100vw, 768px\" \/><\/a> <a href=\"https:\/\/agora.xtec.cat\/ceiprivorubeo\/wp-content\/uploads\/usu2655\/2025\/03\/WhatsApp-Image-2025-03-23-at-11.22.13-3.jpeg\"><img loading=\"lazy\" decoding=\"async\" class=\"alignnone size-large wp-image-4736\" src=\"https:\/\/agora.xtec.cat\/ceiprivorubeo\/wp-content\/uploads\/usu2655\/2025\/03\/WhatsApp-Image-2025-03-23-at-11.22.13-3-1024x768.jpeg\" alt=\"\" width=\"1024\" height=\"768\" srcset=\"https:\/\/agora.xtec.cat\/ceiprivorubeo\/wp-content\/uploads\/usu2655\/2025\/03\/WhatsApp-Image-2025-03-23-at-11.22.13-3-1024x768.jpeg 1024w, https:\/\/agora.xtec.cat\/ceiprivorubeo\/wp-content\/uploads\/usu2655\/2025\/03\/WhatsApp-Image-2025-03-23-at-11.22.13-3-300x225.jpeg 300w, https:\/\/agora.xtec.cat\/ceiprivorubeo\/wp-content\/uploads\/usu2655\/2025\/03\/WhatsApp-Image-2025-03-23-at-11.22.13-3-768x576.jpeg 768w, https:\/\/agora.xtec.cat\/ceiprivorubeo\/wp-content\/uploads\/usu2655\/2025\/03\/WhatsApp-Image-2025-03-23-at-11.22.13-3-1536x1152.jpeg 1536w, https:\/\/agora.xtec.cat\/ceiprivorubeo\/wp-content\/uploads\/usu2655\/2025\/03\/WhatsApp-Image-2025-03-23-at-11.22.13-3-200x150.jpeg 200w, https:\/\/agora.xtec.cat\/ceiprivorubeo\/wp-content\/uploads\/usu2655\/2025\/03\/WhatsApp-Image-2025-03-23-at-11.22.13-3.jpeg 1600w\" sizes=\"auto, (max-width: 1024px) 100vw, 1024px\" \/><\/a> <a href=\"https:\/\/agora.xtec.cat\/ceiprivorubeo\/wp-content\/uploads\/usu2655\/2025\/03\/WhatsApp-Image-2025-03-23-at-11.22.13-1.jpeg\"><img loading=\"lazy\" decoding=\"async\" class=\"alignnone size-large wp-image-4737\" src=\"https:\/\/agora.xtec.cat\/ceiprivorubeo\/wp-content\/uploads\/usu2655\/2025\/03\/WhatsApp-Image-2025-03-23-at-11.22.13-1-1024x768.jpeg\" alt=\"\" width=\"1024\" height=\"768\" srcset=\"https:\/\/agora.xtec.cat\/ceiprivorubeo\/wp-content\/uploads\/usu2655\/2025\/03\/WhatsApp-Image-2025-03-23-at-11.22.13-1-1024x768.jpeg 1024w, https:\/\/agora.xtec.cat\/ceiprivorubeo\/wp-content\/uploads\/usu2655\/2025\/03\/WhatsApp-Image-2025-03-23-at-11.22.13-1-300x225.jpeg 300w, https:\/\/agora.xtec.cat\/ceiprivorubeo\/wp-content\/uploads\/usu2655\/2025\/03\/WhatsApp-Image-2025-03-23-at-11.22.13-1-768x576.jpeg 768w, https:\/\/agora.xtec.cat\/ceiprivorubeo\/wp-content\/uploads\/usu2655\/2025\/03\/WhatsApp-Image-2025-03-23-at-11.22.13-1-1536x1152.jpeg 1536w, https:\/\/agora.xtec.cat\/ceiprivorubeo\/wp-content\/uploads\/usu2655\/2025\/03\/WhatsApp-Image-2025-03-23-at-11.22.13-1-200x150.jpeg 200w, https:\/\/agora.xtec.cat\/ceiprivorubeo\/wp-content\/uploads\/usu2655\/2025\/03\/WhatsApp-Image-2025-03-23-at-11.22.13-1.jpeg 1600w\" sizes=\"auto, (max-width: 1024px) 100vw, 1024px\" \/><\/a> <a href=\"https:\/\/agora.xtec.cat\/ceiprivorubeo\/wp-content\/uploads\/usu2655\/2025\/03\/WhatsApp-Image-2025-03-23-at-11.22.13.jpeg\"><img loading=\"lazy\" decoding=\"async\" class=\"alignnone size-large wp-image-4738\" src=\"https:\/\/agora.xtec.cat\/ceiprivorubeo\/wp-content\/uploads\/usu2655\/2025\/03\/WhatsApp-Image-2025-03-23-at-11.22.13-768x1024.jpeg\" alt=\"\" width=\"768\" height=\"1024\" srcset=\"https:\/\/agora.xtec.cat\/ceiprivorubeo\/wp-content\/uploads\/usu2655\/2025\/03\/WhatsApp-Image-2025-03-23-at-11.22.13-768x1024.jpeg 768w, https:\/\/agora.xtec.cat\/ceiprivorubeo\/wp-content\/uploads\/usu2655\/2025\/03\/WhatsApp-Image-2025-03-23-at-11.22.13-225x300.jpeg 225w, https:\/\/agora.xtec.cat\/ceiprivorubeo\/wp-content\/uploads\/usu2655\/2025\/03\/WhatsApp-Image-2025-03-23-at-11.22.13-1152x1536.jpeg 1152w, https:\/\/agora.xtec.cat\/ceiprivorubeo\/wp-content\/uploads\/usu2655\/2025\/03\/WhatsApp-Image-2025-03-23-at-11.22.13.jpeg 1200w\" sizes=\"auto, (max-width: 768px) 100vw, 768px\" \/><\/a><\/p>\n<p>&#8220;La pintura ha omplert la meva vida&#8221;. <em>Frida Kahlo.<\/em><\/p>\n","protected":false},"excerpt":{"rendered":"<p>Hola fam\u00edlies!!! Com ja sabeu, un dels tallers que fem a infantil \u00e9s el de la\u00a0Frida\u00a0Kahlo, el qual est\u00e0 enfocat a l&#8217;art i la creativitat. En aquest espai, cada petit i petita artista pot deixar volar la imaginaci\u00f3 i fer les seves pr\u00f2pies creacions experimentant amb diferents suports, eines i t\u00e8cniques.&hellip;  <a href=\"https:\/\/agora.xtec.cat\/ceiprivorubeo\/infantil\/taller-de-la-frida-kahlo\/\" title=\"Read Taller de la Frida Kahlo\">Llegeix m\u00e9s\u00bb<\/a><\/p>\n","protected":false},"author":7,"featured_media":4734,"comment_status":"open","ping_status":"closed","sticky":false,"template":"","format":"standard","meta":{"_bbp_topic_count":0,"_bbp_reply_count":0,"_bbp_total_topic_count":0,"_bbp_total_reply_count":0,"_bbp_voice_count":0,"_bbp_anonymous_reply_count":0,"_bbp_topic_count_hidden":0,"_bbp_reply_count_hidden":0,"_bbp_forum_subforum_count":0,"footnotes":""},"categories":[118,105,3,2],"tags":[],"class_list":["post-4715","post","type-post","status-publish","format-standard","has-post-thumbnail","hentry","category-i3-infantil","category-i3","category-i4","category-infantil"],"post_mailing_queue_ids":[],"_links":{"self":[{"href":"https:\/\/agora.xtec.cat\/ceiprivorubeo\/wp-json\/wp\/v2\/posts\/4715","targetHints":{"allow":["GET"]}}],"collection":[{"href":"https:\/\/agora.xtec.cat\/ceiprivorubeo\/wp-json\/wp\/v2\/posts"}],"about":[{"href":"https:\/\/agora.xtec.cat\/ceiprivorubeo\/wp-json\/wp\/v2\/types\/post"}],"author":[{"embeddable":true,"href":"https:\/\/agora.xtec.cat\/ceiprivorubeo\/wp-json\/wp\/v2\/users\/7"}],"replies":[{"embeddable":true,"href":"https:\/\/agora.xtec.cat\/ceiprivorubeo\/wp-json\/wp\/v2\/comments?post=4715"}],"version-history":[{"count":6,"href":"https:\/\/agora.xtec.cat\/ceiprivorubeo\/wp-json\/wp\/v2\/posts\/4715\/revisions"}],"predecessor-version":[{"id":4745,"href":"https:\/\/agora.xtec.cat\/ceiprivorubeo\/wp-json\/wp\/v2\/posts\/4715\/revisions\/4745"}],"wp:featuredmedia":[{"embeddable":true,"href":"https:\/\/agora.xtec.cat\/ceiprivorubeo\/wp-json\/wp\/v2\/media\/4734"}],"wp:attachment":[{"href":"https:\/\/agora.xtec.cat\/ceiprivorubeo\/wp-json\/wp\/v2\/media?parent=4715"}],"wp:term":[{"taxonomy":"category","embeddable":true,"href":"https:\/\/agora.xtec.cat\/ceiprivorubeo\/wp-json\/wp\/v2\/categories?post=4715"},{"taxonomy":"post_tag","embeddable":true,"href":"https:\/\/agora.xtec.cat\/ceiprivorubeo\/wp-json\/wp\/v2\/tags?post=4715"}],"curies":[{"name":"wp","href":"https:\/\/api.w.org\/{rel}","templated":true}]}}