{"id":4678,"date":"2025-03-10T08:48:35","date_gmt":"2025-03-10T07:48:35","guid":{"rendered":"https:\/\/agora.xtec.cat\/ceiprivorubeo\/?p=4678"},"modified":"2025-03-10T08:48:35","modified_gmt":"2025-03-10T07:48:35","slug":"els-racons-de-llengua","status":"publish","type":"post","link":"https:\/\/agora.xtec.cat\/ceiprivorubeo\/primaria\/grans\/4t-grans\/els-racons-de-llengua\/","title":{"rendered":"Els racons de llengua"},"content":{"rendered":"<p>Com ja sabeu, els racons de llengua s\u00f3n una de les l\u00ednies metodol\u00f2giques claus al Rivo.<\/p>\n<p>A continuaci\u00f3 <a href=\"https:\/\/drive.google.com\/drive\/folders\/1GOlQcwwyVTWZiv-Rwm4smf-QXEa24UsW?usp=drive_link\">us presentem un recull de fotografies de les propostes que estem portant a terme actualment<\/a>, per tal que en pugueu parlar a casa.<\/p>\n<p>A partir d&#8217;aquestes, potenciem la comunicaci\u00f3 oral a trav\u00e9s dels jocs; ens endinsem al m\u00f3n dels poemes i l&#8217;an\u00e0lisi de les seves rimes i estructures; estimulem la lectura i posterior comprensi\u00f3, explicant amb les seves paraules all\u00f2 que han llegit; fomentem la comunicaci\u00f3 en angl\u00e8s de manera l\u00fadica; resolem escape rooms plens reptes multinivell; fomentar la revisi\u00f3 d&#8217;errades ortogr\u00e0fiques en textos quotidians; entre moltes d&#8217;altres.<\/p>\n<p>Esperem que en gaudiu \ud83d\ude42<\/p>\n<p><a href=\"https:\/\/agora.xtec.cat\/ceiprivorubeo\/wp-content\/uploads\/usu2655\/2025\/03\/escape-room.png\"><img loading=\"lazy\" decoding=\"async\" class=\"wp-image-4679 alignleft\" src=\"https:\/\/agora.xtec.cat\/ceiprivorubeo\/wp-content\/uploads\/usu2655\/2025\/03\/escape-room.png\" alt=\"\" width=\"229\" height=\"227\" srcset=\"https:\/\/agora.xtec.cat\/ceiprivorubeo\/wp-content\/uploads\/usu2655\/2025\/03\/escape-room.png 191w, https:\/\/agora.xtec.cat\/ceiprivorubeo\/wp-content\/uploads\/usu2655\/2025\/03\/escape-room-150x150.png 150w\" sizes=\"auto, (max-width: 229px) 100vw, 229px\" \/><\/a><\/p>\n<p>&nbsp;<\/p>\n<p><a href=\"https:\/\/agora.xtec.cat\/ceiprivorubeo\/wp-content\/uploads\/usu2655\/2025\/03\/jocs-taula.png\"><img loading=\"lazy\" decoding=\"async\" class=\"wp-image-4680 aligncenter\" src=\"https:\/\/agora.xtec.cat\/ceiprivorubeo\/wp-content\/uploads\/usu2655\/2025\/03\/jocs-taula.png\" alt=\"\" width=\"235\" height=\"206\" \/><\/a><\/p>\n<p>&nbsp;<\/p>\n","protected":false},"excerpt":{"rendered":"<p>Com ja sabeu, els racons de llengua s\u00f3n una de les l\u00ednies metodol\u00f2giques claus al Rivo.<br \/>\nA continuaci\u00f3 <a href=\"https:\/\/drive.google.com\/drive\/folders\/1GOlQcwwyVTWZiv-Rwm4smf-QXEa24UsW?usp=drive_link\">us presentem un recull de fotografies de les propostes que estem portant a terme actualment<\/a>, per tal que en pugueu parlar a casa.<br \/>\nA partir d&#8217;aquestes, potenciem la&hellip;  <a href=\"https:\/\/agora.xtec.cat\/ceiprivorubeo\/primaria\/grans\/4t-grans\/els-racons-de-llengua\/\" title=\"Read Els racons de llengua\">Llegeix m\u00e9s\u00bb<\/a><\/p>\n","protected":false},"author":19,"featured_media":4680,"comment_status":"open","ping_status":"closed","sticky":false,"template":"","format":"standard","meta":{"_bbp_topic_count":0,"_bbp_reply_count":0,"_bbp_total_topic_count":0,"_bbp_total_reply_count":0,"_bbp_voice_count":0,"_bbp_anonymous_reply_count":0,"_bbp_topic_count_hidden":0,"_bbp_reply_count_hidden":0,"_bbp_forum_subforum_count":0,"footnotes":""},"categories":[12],"tags":[],"class_list":["post-4678","post","type-post","status-publish","format-standard","has-post-thumbnail","hentry","category-4t-grans"],"post_mailing_queue_ids":[],"_links":{"self":[{"href":"https:\/\/agora.xtec.cat\/ceiprivorubeo\/wp-json\/wp\/v2\/posts\/4678","targetHints":{"allow":["GET"]}}],"collection":[{"href":"https:\/\/agora.xtec.cat\/ceiprivorubeo\/wp-json\/wp\/v2\/posts"}],"about":[{"href":"https:\/\/agora.xtec.cat\/ceiprivorubeo\/wp-json\/wp\/v2\/types\/post"}],"author":[{"embeddable":true,"href":"https:\/\/agora.xtec.cat\/ceiprivorubeo\/wp-json\/wp\/v2\/users\/19"}],"replies":[{"embeddable":true,"href":"https:\/\/agora.xtec.cat\/ceiprivorubeo\/wp-json\/wp\/v2\/comments?post=4678"}],"version-history":[{"count":4,"href":"https:\/\/agora.xtec.cat\/ceiprivorubeo\/wp-json\/wp\/v2\/posts\/4678\/revisions"}],"predecessor-version":[{"id":4686,"href":"https:\/\/agora.xtec.cat\/ceiprivorubeo\/wp-json\/wp\/v2\/posts\/4678\/revisions\/4686"}],"wp:featuredmedia":[{"embeddable":true,"href":"https:\/\/agora.xtec.cat\/ceiprivorubeo\/wp-json\/wp\/v2\/media\/4680"}],"wp:attachment":[{"href":"https:\/\/agora.xtec.cat\/ceiprivorubeo\/wp-json\/wp\/v2\/media?parent=4678"}],"wp:term":[{"taxonomy":"category","embeddable":true,"href":"https:\/\/agora.xtec.cat\/ceiprivorubeo\/wp-json\/wp\/v2\/categories?post=4678"},{"taxonomy":"post_tag","embeddable":true,"href":"https:\/\/agora.xtec.cat\/ceiprivorubeo\/wp-json\/wp\/v2\/tags?post=4678"}],"curies":[{"name":"wp","href":"https:\/\/api.w.org\/{rel}","templated":true}]}}