{"id":4613,"date":"2025-02-07T20:45:17","date_gmt":"2025-02-07T19:45:17","guid":{"rendered":"https:\/\/agora.xtec.cat\/ceiprivorubeo\/?p=4613"},"modified":"2025-02-25T16:57:36","modified_gmt":"2025-02-25T15:57:36","slug":"els-racons-de-llengua-escrita","status":"publish","type":"post","link":"https:\/\/agora.xtec.cat\/ceiprivorubeo\/general\/els-racons-de-llengua-escrita\/","title":{"rendered":"Els racons de Llengua Escrita"},"content":{"rendered":"<p data-start=\"76\" data-end=\"417\">A les aules d&#8217;I4, fem treball per racons dos cops per setmana.\u00a0 Aquesta metodologia permet adaptar les activitats als diferents ritmes i interessos dels nens i nenes, fomentant un ambient d\u2019exploraci\u00f3 i creativitat.\u00a0Un dels aspectes clau d\u2019aquesta proposta \u00e9s la lliure circulaci\u00f3 de l\u2019alumnat per les diferents propostes, el que permet que cada infant decideixi on vol anar i quan canviar d\u2019activitat, promovent aix\u00ed l\u2019autonomia i la motivaci\u00f3 per aprendre. Aquesta llibertat els ajuda a sentir-se m\u00e9s segurs i a gaudir del proc\u00e9s d\u2019aprenentatge.<\/p>\n<p data-start=\"76\" data-end=\"417\"><a href=\"https:\/\/agora.xtec.cat\/ceiprivorubeo\/wp-content\/uploads\/usu2655\/2025\/02\/20250123_120044-scaled.jpg\"><img loading=\"lazy\" decoding=\"async\" class=\"alignnone size-large wp-image-4619\" src=\"https:\/\/agora.xtec.cat\/ceiprivorubeo\/wp-content\/uploads\/usu2655\/2025\/02\/20250123_120044-1024x577.jpg\" alt=\"\" width=\"1024\" height=\"577\" srcset=\"https:\/\/agora.xtec.cat\/ceiprivorubeo\/wp-content\/uploads\/usu2655\/2025\/02\/20250123_120044-1024x577.jpg 1024w, https:\/\/agora.xtec.cat\/ceiprivorubeo\/wp-content\/uploads\/usu2655\/2025\/02\/20250123_120044-300x169.jpg 300w, https:\/\/agora.xtec.cat\/ceiprivorubeo\/wp-content\/uploads\/usu2655\/2025\/02\/20250123_120044-768x432.jpg 768w, https:\/\/agora.xtec.cat\/ceiprivorubeo\/wp-content\/uploads\/usu2655\/2025\/02\/20250123_120044-1536x865.jpg 1536w, https:\/\/agora.xtec.cat\/ceiprivorubeo\/wp-content\/uploads\/usu2655\/2025\/02\/20250123_120044-2048x1153.jpg 2048w\" sizes=\"auto, (max-width: 1024px) 100vw, 1024px\" \/><\/a><\/p>\n<p data-start=\"76\" data-end=\"417\"><a href=\"https:\/\/agora.xtec.cat\/ceiprivorubeo\/wp-content\/uploads\/usu2655\/2025\/02\/20241025_114232-scaled.jpg\"><img loading=\"lazy\" decoding=\"async\" class=\"alignnone wp-image-4616 size-large\" src=\"https:\/\/agora.xtec.cat\/ceiprivorubeo\/wp-content\/uploads\/usu2655\/2025\/02\/20241025_114232-scaled-e1739530192243-1024x777.jpg\" alt=\"\" width=\"1024\" height=\"777\" srcset=\"https:\/\/agora.xtec.cat\/ceiprivorubeo\/wp-content\/uploads\/usu2655\/2025\/02\/20241025_114232-scaled-e1739530192243-1024x777.jpg 1024w, https:\/\/agora.xtec.cat\/ceiprivorubeo\/wp-content\/uploads\/usu2655\/2025\/02\/20241025_114232-scaled-e1739530192243-300x228.jpg 300w, https:\/\/agora.xtec.cat\/ceiprivorubeo\/wp-content\/uploads\/usu2655\/2025\/02\/20241025_114232-scaled-e1739530192243-768x583.jpg 768w, https:\/\/agora.xtec.cat\/ceiprivorubeo\/wp-content\/uploads\/usu2655\/2025\/02\/20241025_114232-scaled-e1739530192243-1536x1166.jpg 1536w, https:\/\/agora.xtec.cat\/ceiprivorubeo\/wp-content\/uploads\/usu2655\/2025\/02\/20241025_114232-scaled-e1739530192243-2048x1554.jpg 2048w\" sizes=\"auto, (max-width: 1024px) 100vw, 1024px\" \/><\/a>En els racons de llengua escrita, els infants experimenten amb les lletres, les paraules i les frases a trav\u00e9s de jocs i materials manipulatius. Es treballa especialment la\u00a0<strong data-start=\"931\" data-end=\"959\">direccionalitat del tra\u00e7<\/strong>\u00a0i la\u00a0<strong data-start=\"965\" data-end=\"990\">grafia de les lletres<\/strong>, utilitzant suports com pissarres, sorra, plastilina o lletres m\u00f2bils, perqu\u00e8 els infants practiquin el tra\u00e7 de manera vivencial i creativa.<\/p>\n<p data-start=\"76\" data-end=\"417\"><a href=\"https:\/\/agora.xtec.cat\/ceiprivorubeo\/wp-content\/uploads\/usu2655\/2025\/02\/20250124_121414-1-scaled.jpg\"><img loading=\"lazy\" decoding=\"async\" class=\"alignnone size-large wp-image-4615\" src=\"https:\/\/agora.xtec.cat\/ceiprivorubeo\/wp-content\/uploads\/usu2655\/2025\/02\/20250124_121414-1-1024x577.jpg\" alt=\"\" width=\"1024\" height=\"577\" srcset=\"https:\/\/agora.xtec.cat\/ceiprivorubeo\/wp-content\/uploads\/usu2655\/2025\/02\/20250124_121414-1-1024x577.jpg 1024w, https:\/\/agora.xtec.cat\/ceiprivorubeo\/wp-content\/uploads\/usu2655\/2025\/02\/20250124_121414-1-300x169.jpg 300w, https:\/\/agora.xtec.cat\/ceiprivorubeo\/wp-content\/uploads\/usu2655\/2025\/02\/20250124_121414-1-768x432.jpg 768w, https:\/\/agora.xtec.cat\/ceiprivorubeo\/wp-content\/uploads\/usu2655\/2025\/02\/20250124_121414-1-1536x865.jpg 1536w, https:\/\/agora.xtec.cat\/ceiprivorubeo\/wp-content\/uploads\/usu2655\/2025\/02\/20250124_121414-1-2048x1153.jpg 2048w\" sizes=\"auto, (max-width: 1024px) 100vw, 1024px\" \/><\/a><\/p>\n<p data-start=\"76\" data-end=\"417\"><a href=\"https:\/\/agora.xtec.cat\/ceiprivorubeo\/wp-content\/uploads\/usu2655\/2025\/02\/20250123_115953-scaled.jpg\"><img loading=\"lazy\" decoding=\"async\" class=\"alignnone size-large wp-image-4618\" src=\"https:\/\/agora.xtec.cat\/ceiprivorubeo\/wp-content\/uploads\/usu2655\/2025\/02\/20250123_115953-1024x577.jpg\" alt=\"\" width=\"1024\" height=\"577\" srcset=\"https:\/\/agora.xtec.cat\/ceiprivorubeo\/wp-content\/uploads\/usu2655\/2025\/02\/20250123_115953-1024x577.jpg 1024w, https:\/\/agora.xtec.cat\/ceiprivorubeo\/wp-content\/uploads\/usu2655\/2025\/02\/20250123_115953-300x169.jpg 300w, https:\/\/agora.xtec.cat\/ceiprivorubeo\/wp-content\/uploads\/usu2655\/2025\/02\/20250123_115953-768x432.jpg 768w, https:\/\/agora.xtec.cat\/ceiprivorubeo\/wp-content\/uploads\/usu2655\/2025\/02\/20250123_115953-1536x865.jpg 1536w, https:\/\/agora.xtec.cat\/ceiprivorubeo\/wp-content\/uploads\/usu2655\/2025\/02\/20250123_115953-2048x1153.jpg 2048w\" sizes=\"auto, (max-width: 1024px) 100vw, 1024px\" \/><\/a><\/p>\n<p data-start=\"76\" data-end=\"417\"><span style=\"font-family: inherit;font-size: 1em\">A m\u00e9s, es fomenta la <\/span><strong style=\"font-family: inherit;font-size: 1em\" data-start=\"1156\" data-end=\"1176\">percepci\u00f3 visual<\/strong><span style=\"font-family: inherit;font-size: 1em\"> a trav\u00e9s de jocs d\u2019associaci\u00f3, discriminaci\u00f3 de formes i reconeixement de lletres en diferents contextos. Aquestes activitats ajuden els infants a identificar i distingir els elements gr\u00e0fics, millorant aix\u00ed el seu proc\u00e9s de lectura i escriptura.<\/span><\/p>\n<p data-start=\"76\" data-end=\"417\"><a href=\"https:\/\/agora.xtec.cat\/ceiprivorubeo\/wp-content\/uploads\/usu2655\/2025\/02\/20250123_120124-scaled.jpg\"><img loading=\"lazy\" decoding=\"async\" class=\"alignnone size-large wp-image-4621\" src=\"https:\/\/agora.xtec.cat\/ceiprivorubeo\/wp-content\/uploads\/usu2655\/2025\/02\/20250123_120124-1024x577.jpg\" alt=\"\" width=\"1024\" height=\"577\" srcset=\"https:\/\/agora.xtec.cat\/ceiprivorubeo\/wp-content\/uploads\/usu2655\/2025\/02\/20250123_120124-1024x577.jpg 1024w, https:\/\/agora.xtec.cat\/ceiprivorubeo\/wp-content\/uploads\/usu2655\/2025\/02\/20250123_120124-300x169.jpg 300w, https:\/\/agora.xtec.cat\/ceiprivorubeo\/wp-content\/uploads\/usu2655\/2025\/02\/20250123_120124-768x432.jpg 768w, https:\/\/agora.xtec.cat\/ceiprivorubeo\/wp-content\/uploads\/usu2655\/2025\/02\/20250123_120124-1536x865.jpg 1536w, https:\/\/agora.xtec.cat\/ceiprivorubeo\/wp-content\/uploads\/usu2655\/2025\/02\/20250123_120124-2048x1153.jpg 2048w\" sizes=\"auto, (max-width: 1024px) 100vw, 1024px\" \/><\/a><\/p>\n<p data-start=\"76\" data-end=\"417\"><a href=\"https:\/\/agora.xtec.cat\/ceiprivorubeo\/wp-content\/uploads\/usu2655\/2025\/02\/20250123_120109-scaled.jpg\"><img loading=\"lazy\" decoding=\"async\" class=\"alignnone size-large wp-image-4620\" src=\"https:\/\/agora.xtec.cat\/ceiprivorubeo\/wp-content\/uploads\/usu2655\/2025\/02\/20250123_120109-1024x577.jpg\" alt=\"\" width=\"1024\" height=\"577\" srcset=\"https:\/\/agora.xtec.cat\/ceiprivorubeo\/wp-content\/uploads\/usu2655\/2025\/02\/20250123_120109-1024x577.jpg 1024w, https:\/\/agora.xtec.cat\/ceiprivorubeo\/wp-content\/uploads\/usu2655\/2025\/02\/20250123_120109-300x169.jpg 300w, https:\/\/agora.xtec.cat\/ceiprivorubeo\/wp-content\/uploads\/usu2655\/2025\/02\/20250123_120109-768x432.jpg 768w, https:\/\/agora.xtec.cat\/ceiprivorubeo\/wp-content\/uploads\/usu2655\/2025\/02\/20250123_120109-1536x865.jpg 1536w, https:\/\/agora.xtec.cat\/ceiprivorubeo\/wp-content\/uploads\/usu2655\/2025\/02\/20250123_120109-2048x1153.jpg 2048w\" sizes=\"auto, (max-width: 1024px) 100vw, 1024px\" \/><\/a><\/p>\n<p data-start=\"1427\" data-end=\"1690\">El treball en petit grup afavoreix la interacci\u00f3 i el di\u00e0leg, permetent que els infants aprenguin els uns dels altres i expressin les seves idees amb confian\u00e7a. Aix\u00ed, el proc\u00e9s d\u2019aprenentatge es converteix en una experi\u00e8ncia compartida i enriquidora per a tots.<\/p>\n<p data-start=\"1427\" data-end=\"1690\">\n","protected":false},"excerpt":{"rendered":"<p>En els racons de llengua escrita, els infants experimenten amb les lletres, les paraules i les frases a trav\u00e9s de jocs i materials manipulatius. Es treballa especialment la\u00a0direccionalitat del tra\u00e7, la\u00a0grafia de les lletres i la percepci\u00f3 visual. &hellip;  <a href=\"https:\/\/agora.xtec.cat\/ceiprivorubeo\/general\/els-racons-de-llengua-escrita\/\" title=\"Read Els racons de Llengua Escrita\">Llegeix m\u00e9s\u00bb<\/a><\/p>\n","protected":false},"author":8,"featured_media":4648,"comment_status":"open","ping_status":"closed","sticky":false,"template":"","format":"standard","meta":{"_bbp_topic_count":0,"_bbp_reply_count":0,"_bbp_total_topic_count":0,"_bbp_total_reply_count":0,"_bbp_voice_count":0,"_bbp_anonymous_reply_count":0,"_bbp_topic_count_hidden":0,"_bbp_reply_count_hidden":0,"_bbp_forum_subforum_count":0,"footnotes":""},"categories":[1,105],"tags":[],"class_list":["post-4613","post","type-post","status-publish","format-standard","has-post-thumbnail","hentry","category-general","category-i3"],"post_mailing_queue_ids":[],"_links":{"self":[{"href":"https:\/\/agora.xtec.cat\/ceiprivorubeo\/wp-json\/wp\/v2\/posts\/4613","targetHints":{"allow":["GET"]}}],"collection":[{"href":"https:\/\/agora.xtec.cat\/ceiprivorubeo\/wp-json\/wp\/v2\/posts"}],"about":[{"href":"https:\/\/agora.xtec.cat\/ceiprivorubeo\/wp-json\/wp\/v2\/types\/post"}],"author":[{"embeddable":true,"href":"https:\/\/agora.xtec.cat\/ceiprivorubeo\/wp-json\/wp\/v2\/users\/8"}],"replies":[{"embeddable":true,"href":"https:\/\/agora.xtec.cat\/ceiprivorubeo\/wp-json\/wp\/v2\/comments?post=4613"}],"version-history":[{"count":5,"href":"https:\/\/agora.xtec.cat\/ceiprivorubeo\/wp-json\/wp\/v2\/posts\/4613\/revisions"}],"predecessor-version":[{"id":4649,"href":"https:\/\/agora.xtec.cat\/ceiprivorubeo\/wp-json\/wp\/v2\/posts\/4613\/revisions\/4649"}],"wp:featuredmedia":[{"embeddable":true,"href":"https:\/\/agora.xtec.cat\/ceiprivorubeo\/wp-json\/wp\/v2\/media\/4648"}],"wp:attachment":[{"href":"https:\/\/agora.xtec.cat\/ceiprivorubeo\/wp-json\/wp\/v2\/media?parent=4613"}],"wp:term":[{"taxonomy":"category","embeddable":true,"href":"https:\/\/agora.xtec.cat\/ceiprivorubeo\/wp-json\/wp\/v2\/categories?post=4613"},{"taxonomy":"post_tag","embeddable":true,"href":"https:\/\/agora.xtec.cat\/ceiprivorubeo\/wp-json\/wp\/v2\/tags?post=4613"}],"curies":[{"name":"wp","href":"https:\/\/api.w.org\/{rel}","templated":true}]}}