{"id":4576,"date":"2025-01-31T15:34:14","date_gmt":"2025-01-31T14:34:14","guid":{"rendered":"https:\/\/agora.xtec.cat\/ceiprivorubeo\/?p=4576"},"modified":"2025-02-04T22:28:41","modified_gmt":"2025-02-04T21:28:41","slug":"portes-obertes-curs-25-26","status":"publish","type":"post","link":"https:\/\/agora.xtec.cat\/ceiprivorubeo\/portada\/portes-obertes-curs-25-26\/","title":{"rendered":"Portes obertes Curs 25-26"},"content":{"rendered":"<p>Us volem avan\u00e7ar la data de les jornades de\u00a0<strong>portes obertes del Rivo que seran el 24 de febrer a les 15:15\u202fh. <\/strong>Obrirem les portes durant l\u2019horari lectiu perqu\u00e8 pugueu con\u00e8ixer l\u2019ambient de l\u2019escola mentre s\u2019hi fa activitat.<\/p>\n<p>La visita tindr\u00e0 dues parts. En primer lloc, fareu una volta per l\u2019escola, coneixent els espais i l\u2019activitat que s\u2019hi fa. Veureu diferents propostes metodol\u00f2giques que es duen a terme al nostre centre. Finalment, ens trobarem al gimn\u00e0s on us explicarem amb una mica m\u00e9s de detall com \u00e9s l\u2019escola Rivo Rubeo i resoldrem tots els dubtes que tingueu.<\/p>\n<p>Es prega que, en la mesura del possible, vingueu sense infants.<\/p>\n<p>Per poder organitzar aquestes portes obertes cal que us inscriviu omplint aquest\u00a0<a href=\"https:\/\/forms.gle\/XE6ruw9WRK9RbNLr5\">formulari<\/a>.<\/p>\n<p>D&#8217;altra banda, hem preparat una secci\u00f3 a la web on es concentraran totes les informacions relacionades amb el proc\u00e9s. Tamb\u00e9 s&#8217;hi pot accedir des de la p\u00e0gina d&#8217;inici a l&#8217;apartat \u201cPreinscripci\u00f3 i matr\u00edcula 25-26&#8243;.<\/p>\n","protected":false},"excerpt":{"rendered":"<p>Per a m\u00e9s informaci\u00f3, cliqueu al t\u00edtol o a \u201cLlegeix m\u00e9s\u2026\u201d&hellip;  <a href=\"https:\/\/agora.xtec.cat\/ceiprivorubeo\/portada\/portes-obertes-curs-25-26\/\" title=\"Read Portes obertes Curs 25-26\">Llegeix m\u00e9s\u00bb<\/a><\/p>\n","protected":false},"author":1,"featured_media":4603,"comment_status":"open","ping_status":"closed","sticky":false,"template":"","format":"standard","meta":{"_bbp_topic_count":0,"_bbp_reply_count":0,"_bbp_total_topic_count":0,"_bbp_total_reply_count":0,"_bbp_voice_count":0,"_bbp_anonymous_reply_count":0,"_bbp_topic_count_hidden":0,"_bbp_reply_count_hidden":0,"_bbp_forum_subforum_count":0,"footnotes":""},"categories":[4,119],"tags":[],"class_list":["post-4576","post","type-post","status-publish","format-standard","has-post-thumbnail","hentry","category-portada","category-preinscripcio-i-matricula-25-26"],"post_mailing_queue_ids":[],"_links":{"self":[{"href":"https:\/\/agora.xtec.cat\/ceiprivorubeo\/wp-json\/wp\/v2\/posts\/4576","targetHints":{"allow":["GET"]}}],"collection":[{"href":"https:\/\/agora.xtec.cat\/ceiprivorubeo\/wp-json\/wp\/v2\/posts"}],"about":[{"href":"https:\/\/agora.xtec.cat\/ceiprivorubeo\/wp-json\/wp\/v2\/types\/post"}],"author":[{"embeddable":true,"href":"https:\/\/agora.xtec.cat\/ceiprivorubeo\/wp-json\/wp\/v2\/users\/1"}],"replies":[{"embeddable":true,"href":"https:\/\/agora.xtec.cat\/ceiprivorubeo\/wp-json\/wp\/v2\/comments?post=4576"}],"version-history":[{"count":2,"href":"https:\/\/agora.xtec.cat\/ceiprivorubeo\/wp-json\/wp\/v2\/posts\/4576\/revisions"}],"predecessor-version":[{"id":4591,"href":"https:\/\/agora.xtec.cat\/ceiprivorubeo\/wp-json\/wp\/v2\/posts\/4576\/revisions\/4591"}],"wp:featuredmedia":[{"embeddable":true,"href":"https:\/\/agora.xtec.cat\/ceiprivorubeo\/wp-json\/wp\/v2\/media\/4603"}],"wp:attachment":[{"href":"https:\/\/agora.xtec.cat\/ceiprivorubeo\/wp-json\/wp\/v2\/media?parent=4576"}],"wp:term":[{"taxonomy":"category","embeddable":true,"href":"https:\/\/agora.xtec.cat\/ceiprivorubeo\/wp-json\/wp\/v2\/categories?post=4576"},{"taxonomy":"post_tag","embeddable":true,"href":"https:\/\/agora.xtec.cat\/ceiprivorubeo\/wp-json\/wp\/v2\/tags?post=4576"}],"curies":[{"name":"wp","href":"https:\/\/api.w.org\/{rel}","templated":true}]}}