{"id":4561,"date":"2025-01-27T11:11:52","date_gmt":"2025-01-27T10:11:52","guid":{"rendered":"https:\/\/agora.xtec.cat\/ceiprivorubeo\/?p=4561"},"modified":"2025-02-04T21:05:35","modified_gmt":"2025-02-04T20:05:35","slug":"preinscripcio-2025-2026","status":"publish","type":"post","link":"https:\/\/agora.xtec.cat\/ceiprivorubeo\/general\/preinscripcio-2025-2026\/","title":{"rendered":"Preinscripci\u00f3 2025-2026"},"content":{"rendered":"<p>Si has de preinscriure el teu fill o filla a educaci\u00f3 infantil (3-6), prim\u00e0ria o secund\u00e0ria obligat\u00f2ria, t&#8217;avancem algunes dates, entre les quals destaquem les de<strong>\u00a0presentaci\u00f3 de sol\u00b7licituds<\/strong>:<\/p>\n<ul>\n<li>educaci\u00f3 infantil (3-6 anys) i prim\u00e0ria,\u00a0<strong>del 12 al 26 de mar\u00e7<\/strong><\/li>\n<li>educaci\u00f3 secund\u00e0ria obligat\u00f2ria,\u00a0<strong>del 14 al 26 de mar\u00e7<\/strong><\/li>\n<\/ul>\n<p>Altres dates rellevants s\u00f3n les de publicaci\u00f3 de les llistes de sol\u00b7licituds amb la puntuaci\u00f3 provisional (24 d&#8217;abril), del termini per presentar una reclamaci\u00f3 (del 24 al 29 d&#8217;abril), del sorteig del n\u00famero de desempat (8 de maig), de la llista ordenada de sol\u00b7licituds (9 de maig) i de la llista d&#8217;alumnes amb pla\u00e7a assignada (16 de juny).<\/p>\n<p>Ben aviat us informarem de la data de <strong>Jornada de portes obertes<\/strong>.<\/p>\n<p>Per saber m\u00e9s, pots entrar a l\u2019enlla\u00e7:\u00a0<a href=\"https:\/\/preinscripcio.gencat.cat\/ca\/inici\">Preinscripci\u00f3 25-26<\/a><\/p>\n<p style=\"text-align: left;\"><a href=\"https:\/\/agora.xtec.cat\/ceiprivorubeo\/wp-content\/uploads\/usu2655\/2025\/01\/preinscripcio-dates-1.png\"><img loading=\"lazy\" decoding=\"async\" class=\"size-full wp-image-4562 aligncenter\" src=\"https:\/\/agora.xtec.cat\/ceiprivorubeo\/wp-content\/uploads\/usu2655\/2025\/01\/preinscripcio-dates-1.png\" alt=\"\" width=\"839\" height=\"463\" srcset=\"https:\/\/agora.xtec.cat\/ceiprivorubeo\/wp-content\/uploads\/usu2655\/2025\/01\/preinscripcio-dates-1.png 839w, https:\/\/agora.xtec.cat\/ceiprivorubeo\/wp-content\/uploads\/usu2655\/2025\/01\/preinscripcio-dates-1-300x166.png 300w, https:\/\/agora.xtec.cat\/ceiprivorubeo\/wp-content\/uploads\/usu2655\/2025\/01\/preinscripcio-dates-1-768x424.png 768w\" sizes=\"auto, (max-width: 839px) 100vw, 839px\" \/><\/a><\/p>\n<p>&nbsp;<\/p>\n","protected":false},"excerpt":{"rendered":"<p>Per a m\u00e9s informaci\u00f3, cliqueu al t\u00edtol o a \u201cLlegeix m\u00e9s\u2026\u201d&hellip;  <a href=\"https:\/\/agora.xtec.cat\/ceiprivorubeo\/general\/preinscripcio-2025-2026\/\" title=\"Read Preinscripci\u00f3 2025-2026\">Llegeix m\u00e9s\u00bb<\/a><\/p>\n","protected":false},"author":1,"featured_media":4592,"comment_status":"open","ping_status":"closed","sticky":false,"template":"","format":"standard","meta":{"_bbp_topic_count":0,"_bbp_reply_count":0,"_bbp_total_topic_count":0,"_bbp_total_reply_count":0,"_bbp_voice_count":0,"_bbp_anonymous_reply_count":0,"_bbp_topic_count_hidden":0,"_bbp_reply_count_hidden":0,"_bbp_forum_subforum_count":0,"footnotes":""},"categories":[1,4,119],"tags":[],"class_list":["post-4561","post","type-post","status-publish","format-standard","has-post-thumbnail","hentry","category-general","category-portada","category-preinscripcio-i-matricula-25-26"],"post_mailing_queue_ids":[],"_links":{"self":[{"href":"https:\/\/agora.xtec.cat\/ceiprivorubeo\/wp-json\/wp\/v2\/posts\/4561","targetHints":{"allow":["GET"]}}],"collection":[{"href":"https:\/\/agora.xtec.cat\/ceiprivorubeo\/wp-json\/wp\/v2\/posts"}],"about":[{"href":"https:\/\/agora.xtec.cat\/ceiprivorubeo\/wp-json\/wp\/v2\/types\/post"}],"author":[{"embeddable":true,"href":"https:\/\/agora.xtec.cat\/ceiprivorubeo\/wp-json\/wp\/v2\/users\/1"}],"replies":[{"embeddable":true,"href":"https:\/\/agora.xtec.cat\/ceiprivorubeo\/wp-json\/wp\/v2\/comments?post=4561"}],"version-history":[{"count":2,"href":"https:\/\/agora.xtec.cat\/ceiprivorubeo\/wp-json\/wp\/v2\/posts\/4561\/revisions"}],"predecessor-version":[{"id":4593,"href":"https:\/\/agora.xtec.cat\/ceiprivorubeo\/wp-json\/wp\/v2\/posts\/4561\/revisions\/4593"}],"wp:featuredmedia":[{"embeddable":true,"href":"https:\/\/agora.xtec.cat\/ceiprivorubeo\/wp-json\/wp\/v2\/media\/4592"}],"wp:attachment":[{"href":"https:\/\/agora.xtec.cat\/ceiprivorubeo\/wp-json\/wp\/v2\/media?parent=4561"}],"wp:term":[{"taxonomy":"category","embeddable":true,"href":"https:\/\/agora.xtec.cat\/ceiprivorubeo\/wp-json\/wp\/v2\/categories?post=4561"},{"taxonomy":"post_tag","embeddable":true,"href":"https:\/\/agora.xtec.cat\/ceiprivorubeo\/wp-json\/wp\/v2\/tags?post=4561"}],"curies":[{"name":"wp","href":"https:\/\/api.w.org\/{rel}","templated":true}]}}