{"id":4505,"date":"2024-12-12T08:30:57","date_gmt":"2024-12-12T07:30:57","guid":{"rendered":"https:\/\/agora.xtec.cat\/ceiprivorubeo\/?p=4505"},"modified":"2024-12-11T22:21:36","modified_gmt":"2024-12-11T21:21:36","slug":"e-f-dia-internacional-de-les-persones-amb-discapacitat","status":"publish","type":"post","link":"https:\/\/agora.xtec.cat\/ceiprivorubeo\/general\/e-f-dia-internacional-de-les-persones-amb-discapacitat\/","title":{"rendered":"E.F. Dia internacional de les persones amb discapacitat"},"content":{"rendered":"<div class=\"gmail_default\">El dimecres\u00a0<span style=\"font-size: large\"><b>3 de desembre<\/b><\/span> va ser el dia internacional de les persones amb discapacitat.<\/div>\n<div><\/div>\n<div><\/div>\n<div class=\"gmail_default\">Aquesta data t\u00e9 com a objectiu promoure els drets i el benestar de les persones amb diversitat funcional en tots els \u00e0mbits de la societat i conscienciar sobre les barreres f\u00edsiques, socials i actitudinals que encara persisteixen.<\/div>\n<div><\/div>\n<div><\/div>\n<div class=\"gmail_default\">Per aquest motiu, els\u00a0<b>infants del Rivo Rubeo s&#8217;han posat\u00a0<span style=\"font-size: large\">a la pell<\/span> de persones amb diferents discapacitats a l&#8217;hora d&#8217;Educaci\u00f3 F\u00edsica<\/b> i han jugat a diferents esports com el v<span class=\"il\">oleibol<\/span> asseguts, Goalball amb els ulls tapats, b\u00e0squet i hoquei sense un bra\u00e7.<\/div>\n<div><\/div>\n<div><\/div>\n<div class=\"gmail_default\">Us enviem alguna fotografia de com l&#8217;hem commemorat!<\/div>\n<div><\/div>\n<div><\/div>\n<div><\/div>\n<div><a href=\"https:\/\/agora.xtec.cat\/ceiprivorubeo\/wp-content\/uploads\/usu2655\/2024\/12\/IMG-20241211-WA0021.jpg\"><img loading=\"lazy\" decoding=\"async\" class=\"alignnone wp-image-4509\" src=\"https:\/\/agora.xtec.cat\/ceiprivorubeo\/wp-content\/uploads\/usu2655\/2024\/12\/IMG-20241211-WA0021-1024x576.jpg\" alt=\"\" width=\"335\" height=\"188\" srcset=\"https:\/\/agora.xtec.cat\/ceiprivorubeo\/wp-content\/uploads\/usu2655\/2024\/12\/IMG-20241211-WA0021-1024x576.jpg 1024w, https:\/\/agora.xtec.cat\/ceiprivorubeo\/wp-content\/uploads\/usu2655\/2024\/12\/IMG-20241211-WA0021-300x169.jpg 300w, https:\/\/agora.xtec.cat\/ceiprivorubeo\/wp-content\/uploads\/usu2655\/2024\/12\/IMG-20241211-WA0021-768x432.jpg 768w, https:\/\/agora.xtec.cat\/ceiprivorubeo\/wp-content\/uploads\/usu2655\/2024\/12\/IMG-20241211-WA0021-1536x864.jpg 1536w, https:\/\/agora.xtec.cat\/ceiprivorubeo\/wp-content\/uploads\/usu2655\/2024\/12\/IMG-20241211-WA0021.jpg 2048w\" sizes=\"auto, (max-width: 335px) 100vw, 335px\" \/> <\/a><a href=\"https:\/\/agora.xtec.cat\/ceiprivorubeo\/wp-content\/uploads\/usu2655\/2024\/12\/IMG-20241211-WA0018.jpg\"><img loading=\"lazy\" decoding=\"async\" class=\"alignnone wp-image-4506\" src=\"https:\/\/agora.xtec.cat\/ceiprivorubeo\/wp-content\/uploads\/usu2655\/2024\/12\/IMG-20241211-WA0018-1024x576.jpg\" alt=\"\" width=\"338\" height=\"190\" srcset=\"https:\/\/agora.xtec.cat\/ceiprivorubeo\/wp-content\/uploads\/usu2655\/2024\/12\/IMG-20241211-WA0018-1024x576.jpg 1024w, https:\/\/agora.xtec.cat\/ceiprivorubeo\/wp-content\/uploads\/usu2655\/2024\/12\/IMG-20241211-WA0018-300x169.jpg 300w, https:\/\/agora.xtec.cat\/ceiprivorubeo\/wp-content\/uploads\/usu2655\/2024\/12\/IMG-20241211-WA0018-768x432.jpg 768w, https:\/\/agora.xtec.cat\/ceiprivorubeo\/wp-content\/uploads\/usu2655\/2024\/12\/IMG-20241211-WA0018-1536x864.jpg 1536w, https:\/\/agora.xtec.cat\/ceiprivorubeo\/wp-content\/uploads\/usu2655\/2024\/12\/IMG-20241211-WA0018.jpg 2048w\" sizes=\"auto, (max-width: 338px) 100vw, 338px\" \/><\/a><\/div>\n<div><a href=\"https:\/\/agora.xtec.cat\/ceiprivorubeo\/wp-content\/uploads\/usu2655\/2024\/12\/IMG-20241211-WA0020.jpg\"><img loading=\"lazy\" decoding=\"async\" class=\"alignnone wp-image-4508\" src=\"https:\/\/agora.xtec.cat\/ceiprivorubeo\/wp-content\/uploads\/usu2655\/2024\/12\/IMG-20241211-WA0020-1024x576.jpg\" alt=\"\" width=\"335\" height=\"188\" srcset=\"https:\/\/agora.xtec.cat\/ceiprivorubeo\/wp-content\/uploads\/usu2655\/2024\/12\/IMG-20241211-WA0020-1024x576.jpg 1024w, https:\/\/agora.xtec.cat\/ceiprivorubeo\/wp-content\/uploads\/usu2655\/2024\/12\/IMG-20241211-WA0020-300x169.jpg 300w, https:\/\/agora.xtec.cat\/ceiprivorubeo\/wp-content\/uploads\/usu2655\/2024\/12\/IMG-20241211-WA0020-768x432.jpg 768w, https:\/\/agora.xtec.cat\/ceiprivorubeo\/wp-content\/uploads\/usu2655\/2024\/12\/IMG-20241211-WA0020-1536x864.jpg 1536w, https:\/\/agora.xtec.cat\/ceiprivorubeo\/wp-content\/uploads\/usu2655\/2024\/12\/IMG-20241211-WA0020.jpg 2048w\" sizes=\"auto, (max-width: 335px) 100vw, 335px\" \/> <\/a><a href=\"https:\/\/agora.xtec.cat\/ceiprivorubeo\/wp-content\/uploads\/usu2655\/2024\/12\/IMG-20241211-WA0019-1.jpg\"><img loading=\"lazy\" decoding=\"async\" class=\"alignnone wp-image-4507\" src=\"https:\/\/agora.xtec.cat\/ceiprivorubeo\/wp-content\/uploads\/usu2655\/2024\/12\/IMG-20241211-WA0019-1-1024x576.jpg\" alt=\"\" width=\"338\" height=\"190\" srcset=\"https:\/\/agora.xtec.cat\/ceiprivorubeo\/wp-content\/uploads\/usu2655\/2024\/12\/IMG-20241211-WA0019-1-1024x576.jpg 1024w, https:\/\/agora.xtec.cat\/ceiprivorubeo\/wp-content\/uploads\/usu2655\/2024\/12\/IMG-20241211-WA0019-1-300x169.jpg 300w, https:\/\/agora.xtec.cat\/ceiprivorubeo\/wp-content\/uploads\/usu2655\/2024\/12\/IMG-20241211-WA0019-1-768x432.jpg 768w, https:\/\/agora.xtec.cat\/ceiprivorubeo\/wp-content\/uploads\/usu2655\/2024\/12\/IMG-20241211-WA0019-1-1536x864.jpg 1536w, https:\/\/agora.xtec.cat\/ceiprivorubeo\/wp-content\/uploads\/usu2655\/2024\/12\/IMG-20241211-WA0019-1.jpg 2048w\" sizes=\"auto, (max-width: 338px) 100vw, 338px\" \/><\/a><\/div>\n<div><\/div>\n<div><strong>Des del Rivo seguim sensibilitzant a l&#8217;alumnat fomentant valors com l&#8217;empatia, el respecte o la solidaritat per tal de continuar lluitant per crear un m\u00f3n m\u00e9s just i m\u00e9s inclusiu per a tothom.\u00a0<\/strong><\/div>\n","protected":false},"excerpt":{"rendered":"<p>El dimecres\u00a03 de desembre va ser el dia internacional de les persones amb discapacitat.<\/p>\n<p>Aquesta data t\u00e9 com a objectiu promoure els drets i el benestar de les persones amb diversitat funcional en tots els \u00e0mbits de la societat i conscienciar sobre les barreres f\u00edsiques, socials&hellip;  <a href=\"https:\/\/agora.xtec.cat\/ceiprivorubeo\/general\/e-f-dia-internacional-de-les-persones-amb-discapacitat\/\" title=\"Read E.F. Dia internacional de les persones amb discapacitat\">Llegeix m\u00e9s\u00bb<\/a><\/p>\n","protected":false},"author":22,"featured_media":4508,"comment_status":"open","ping_status":"closed","sticky":false,"template":"","format":"standard","meta":{"_bbp_topic_count":0,"_bbp_reply_count":0,"_bbp_total_topic_count":0,"_bbp_total_reply_count":0,"_bbp_voice_count":0,"_bbp_anonymous_reply_count":0,"_bbp_topic_count_hidden":0,"_bbp_reply_count_hidden":0,"_bbp_forum_subforum_count":0,"footnotes":""},"categories":[13,116,1,68,5],"tags":[],"class_list":["post-4505","post","type-post","status-publish","format-standard","has-post-thumbnail","hentry","category-5e","category-6e-5e","category-general","category-grans","category-primaria"],"post_mailing_queue_ids":[],"_links":{"self":[{"href":"https:\/\/agora.xtec.cat\/ceiprivorubeo\/wp-json\/wp\/v2\/posts\/4505","targetHints":{"allow":["GET"]}}],"collection":[{"href":"https:\/\/agora.xtec.cat\/ceiprivorubeo\/wp-json\/wp\/v2\/posts"}],"about":[{"href":"https:\/\/agora.xtec.cat\/ceiprivorubeo\/wp-json\/wp\/v2\/types\/post"}],"author":[{"embeddable":true,"href":"https:\/\/agora.xtec.cat\/ceiprivorubeo\/wp-json\/wp\/v2\/users\/22"}],"replies":[{"embeddable":true,"href":"https:\/\/agora.xtec.cat\/ceiprivorubeo\/wp-json\/wp\/v2\/comments?post=4505"}],"version-history":[{"count":5,"href":"https:\/\/agora.xtec.cat\/ceiprivorubeo\/wp-json\/wp\/v2\/posts\/4505\/revisions"}],"predecessor-version":[{"id":4514,"href":"https:\/\/agora.xtec.cat\/ceiprivorubeo\/wp-json\/wp\/v2\/posts\/4505\/revisions\/4514"}],"wp:featuredmedia":[{"embeddable":true,"href":"https:\/\/agora.xtec.cat\/ceiprivorubeo\/wp-json\/wp\/v2\/media\/4508"}],"wp:attachment":[{"href":"https:\/\/agora.xtec.cat\/ceiprivorubeo\/wp-json\/wp\/v2\/media?parent=4505"}],"wp:term":[{"taxonomy":"category","embeddable":true,"href":"https:\/\/agora.xtec.cat\/ceiprivorubeo\/wp-json\/wp\/v2\/categories?post=4505"},{"taxonomy":"post_tag","embeddable":true,"href":"https:\/\/agora.xtec.cat\/ceiprivorubeo\/wp-json\/wp\/v2\/tags?post=4505"}],"curies":[{"name":"wp","href":"https:\/\/api.w.org\/{rel}","templated":true}]}}