{"id":4404,"date":"2024-11-08T14:01:13","date_gmt":"2024-11-08T13:01:13","guid":{"rendered":"https:\/\/agora.xtec.cat\/ceiprivorubeo\/?p=4404"},"modified":"2024-11-08T14:01:54","modified_gmt":"2024-11-08T13:01:54","slug":"cuina-de-tardor","status":"publish","type":"post","link":"https:\/\/agora.xtec.cat\/ceiprivorubeo\/general\/cuina-de-tardor\/","title":{"rendered":"CUINA DE TARDOR"},"content":{"rendered":"<p>Dijous 31 d&#8217;octubre per a celebrar el dia de la Castanyada l&#8217;alumnat de 6\u00e8 vam fer la nostra primera recepta del curs \u201cpizzes de moniato\u201d. El resultat va ser un \u00e8xit rotund.<\/p>\n<p>En aquesta activitat vam treballar la comprensi\u00f3 oral i l&#8217;expressi\u00f3 escrita. Cada nen, un cop feta la recepta, va haver d&#8217;escriure tot el proc\u00e9s portat a terme a la cuina: ingredients, elaboraci\u00f3, temps d&#8217;execuci\u00f3, etc.<\/p>\n<p>No dubteu a demanar als vostres cuiners i les vostres cuineres que us preparin aquesta recepta a casa!!!<\/p>\n<p>A continuaci\u00f3, us deixem <a href=\"https:\/\/drive.google.com\/drive\/folders\/1-J5ru4yGWFUi8zlTwcM34_41ELV8KuJA?usp=drive_link\"><strong>algunes fotografies del proc\u00e9s<\/strong>,<\/a><a href=\"https:\/\/agora.xtec.cat\/ceiprivorubeo\/wp-content\/uploads\/usu2655\/2024\/11\/IMG_5083-scaled.jpg\"><img loading=\"lazy\" decoding=\"async\" class=\"wp-image-4408 aligncenter\" src=\"https:\/\/agora.xtec.cat\/ceiprivorubeo\/wp-content\/uploads\/usu2655\/2024\/11\/IMG_5083-768x1024.jpg\" alt=\"\" width=\"210\" height=\"280\" srcset=\"https:\/\/agora.xtec.cat\/ceiprivorubeo\/wp-content\/uploads\/usu2655\/2024\/11\/IMG_5083-768x1024.jpg 768w, https:\/\/agora.xtec.cat\/ceiprivorubeo\/wp-content\/uploads\/usu2655\/2024\/11\/IMG_5083-225x300.jpg 225w, https:\/\/agora.xtec.cat\/ceiprivorubeo\/wp-content\/uploads\/usu2655\/2024\/11\/IMG_5083-1152x1536.jpg 1152w, https:\/\/agora.xtec.cat\/ceiprivorubeo\/wp-content\/uploads\/usu2655\/2024\/11\/IMG_5083-1536x2048.jpg 1536w, https:\/\/agora.xtec.cat\/ceiprivorubeo\/wp-content\/uploads\/usu2655\/2024\/11\/IMG_5083-scaled.jpg 1920w\" sizes=\"auto, (max-width: 210px) 100vw, 210px\" \/><\/a><a href=\"https:\/\/agora.xtec.cat\/ceiprivorubeo\/wp-content\/uploads\/usu2655\/2024\/11\/IMG_5085-scaled.jpg\"><img loading=\"lazy\" decoding=\"async\" class=\"wp-image-4407 aligncenter\" src=\"https:\/\/agora.xtec.cat\/ceiprivorubeo\/wp-content\/uploads\/usu2655\/2024\/11\/IMG_5085-768x1024.jpg\" alt=\"\" width=\"211\" height=\"281\" srcset=\"https:\/\/agora.xtec.cat\/ceiprivorubeo\/wp-content\/uploads\/usu2655\/2024\/11\/IMG_5085-768x1024.jpg 768w, https:\/\/agora.xtec.cat\/ceiprivorubeo\/wp-content\/uploads\/usu2655\/2024\/11\/IMG_5085-225x300.jpg 225w, https:\/\/agora.xtec.cat\/ceiprivorubeo\/wp-content\/uploads\/usu2655\/2024\/11\/IMG_5085-1152x1536.jpg 1152w, https:\/\/agora.xtec.cat\/ceiprivorubeo\/wp-content\/uploads\/usu2655\/2024\/11\/IMG_5085-1536x2048.jpg 1536w, https:\/\/agora.xtec.cat\/ceiprivorubeo\/wp-content\/uploads\/usu2655\/2024\/11\/IMG_5085-scaled.jpg 1920w\" sizes=\"auto, (max-width: 211px) 100vw, 211px\" \/><\/a><\/p>\n","protected":false},"excerpt":{"rendered":"<p>Dijous 31 d&#8217;octubre per a celebrar el dia de la Castanyada l&#8217;alumnat de 6\u00e8 vam fer la nostra primera recepta del curs \u201cpizzes de moniato\u201d. El resultat va ser un \u00e8xit rotund.<br \/>\nEn aquesta activitat vam treballar la comprensi\u00f3 oral i l&#8217;expressi\u00f3 escrita. Cada nen, un&hellip;  <a href=\"https:\/\/agora.xtec.cat\/ceiprivorubeo\/general\/cuina-de-tardor\/\" title=\"Read CUINA DE TARDOR\">Llegeix m\u00e9s\u00bb<\/a><\/p>\n","protected":false},"author":21,"featured_media":4406,"comment_status":"open","ping_status":"closed","sticky":false,"template":"","format":"standard","meta":{"_bbp_topic_count":0,"_bbp_reply_count":0,"_bbp_total_topic_count":0,"_bbp_total_reply_count":0,"_bbp_voice_count":0,"_bbp_anonymous_reply_count":0,"_bbp_topic_count_hidden":0,"_bbp_reply_count_hidden":0,"_bbp_forum_subforum_count":0,"footnotes":""},"categories":[13,1,68],"tags":[],"class_list":["post-4404","post","type-post","status-publish","format-standard","has-post-thumbnail","hentry","category-5e","category-general","category-grans"],"post_mailing_queue_ids":[],"_links":{"self":[{"href":"https:\/\/agora.xtec.cat\/ceiprivorubeo\/wp-json\/wp\/v2\/posts\/4404","targetHints":{"allow":["GET"]}}],"collection":[{"href":"https:\/\/agora.xtec.cat\/ceiprivorubeo\/wp-json\/wp\/v2\/posts"}],"about":[{"href":"https:\/\/agora.xtec.cat\/ceiprivorubeo\/wp-json\/wp\/v2\/types\/post"}],"author":[{"embeddable":true,"href":"https:\/\/agora.xtec.cat\/ceiprivorubeo\/wp-json\/wp\/v2\/users\/21"}],"replies":[{"embeddable":true,"href":"https:\/\/agora.xtec.cat\/ceiprivorubeo\/wp-json\/wp\/v2\/comments?post=4404"}],"version-history":[{"count":2,"href":"https:\/\/agora.xtec.cat\/ceiprivorubeo\/wp-json\/wp\/v2\/posts\/4404\/revisions"}],"predecessor-version":[{"id":4410,"href":"https:\/\/agora.xtec.cat\/ceiprivorubeo\/wp-json\/wp\/v2\/posts\/4404\/revisions\/4410"}],"wp:featuredmedia":[{"embeddable":true,"href":"https:\/\/agora.xtec.cat\/ceiprivorubeo\/wp-json\/wp\/v2\/media\/4406"}],"wp:attachment":[{"href":"https:\/\/agora.xtec.cat\/ceiprivorubeo\/wp-json\/wp\/v2\/media?parent=4404"}],"wp:term":[{"taxonomy":"category","embeddable":true,"href":"https:\/\/agora.xtec.cat\/ceiprivorubeo\/wp-json\/wp\/v2\/categories?post=4404"},{"taxonomy":"post_tag","embeddable":true,"href":"https:\/\/agora.xtec.cat\/ceiprivorubeo\/wp-json\/wp\/v2\/tags?post=4404"}],"curies":[{"name":"wp","href":"https:\/\/api.w.org\/{rel}","templated":true}]}}