{"id":4324,"date":"2024-10-14T23:21:40","date_gmt":"2024-10-14T21:21:40","guid":{"rendered":"https:\/\/agora.xtec.cat\/ceiprivorubeo\/?p=4324"},"modified":"2024-10-14T23:21:40","modified_gmt":"2024-10-14T21:21:40","slug":"informacio-altes-i-baixes-extraescolars","status":"publish","type":"post","link":"https:\/\/agora.xtec.cat\/ceiprivorubeo\/portada\/informacio-altes-i-baixes-extraescolars\/","title":{"rendered":"Informaci\u00f3 altes i baixes extraescolars"},"content":{"rendered":"<p>\ud83d\udce3\ud83d\udce3Bon dia,<\/p>\n<p>Les fam\u00edlies que vulguin demanar una baixa o canvi d&#8217;activitat tenen fins al dia 20 de cada mes per fer-ho. En cap cas s&#8217;acceptar\u00e0 una baixa a partir del dia 21 de cada mes a excepci\u00f3 d&#8217;un motiu de causa major.<\/p>\n<p>Del dia 20 al 25 de cada mes, s&#8217;obrir\u00e0 el per\u00edode d&#8217;inscripci\u00f3 per a les noves altes. D&#8217;aquesta manera el dia 26, l&#8217;escola, rebr\u00e0 el llistat actualitzat amb els infants que participaran el mes seg\u00fcent.<\/p>\n<p>Si una fam\u00edlia vol inscriure per necessitat el seu fill\/a a una activitat a mig m\u00e9s, haur\u00e0 d&#8217;enviar un correu sol\u00b7licitant l&#8217;alta i es tractar\u00e0 personalment i comunicant aquesta possibilitat amb l&#8217;AFA .<\/p>\n<p>El correu per sol\u00b7licitar qualsevol baixa s&#8217;ha d&#8217;enviar a <strong>info@eduactivities.cat<\/strong><\/p>\n<p>Les altes noves es tramitaran per la web <a href=\"http:\/\/www.eduactivities.cat\">www.eduactivities.cat<\/a><\/p>\n<p>Per a qualsevol inquietud, consulta o neguit, teniu a la Laura coordinadora cada tarda a les 18\u202fh per comentar-li, o per via correu directe amb ella: <strong>rivorubeoextraescolars@gmail.com<\/strong><\/p>\n","protected":false},"excerpt":{"rendered":"<p>\ud83d\udce3\ud83d\udce3Bon dia,<br \/>\nLes fam\u00edlies que vulguin demanar una baixa o canvi d&#8217;activitat tenen fins al dia 20 de cada mes per fer-ho. En cap cas s&#8217;acceptar\u00e0 una baixa a partir del dia 21 de cada mes a excepci\u00f3 d&#8217;un motiu de causa major.<br \/>\nDel dia 20 al&hellip;  <a href=\"https:\/\/agora.xtec.cat\/ceiprivorubeo\/portada\/informacio-altes-i-baixes-extraescolars\/\" title=\"Read Informaci\u00f3 altes i baixes extraescolars\">Llegeix m\u00e9s\u00bb<\/a><\/p>\n","protected":false},"author":4,"featured_media":0,"comment_status":"open","ping_status":"closed","sticky":false,"template":"","format":"standard","meta":{"_bbp_topic_count":0,"_bbp_reply_count":0,"_bbp_total_topic_count":0,"_bbp_total_reply_count":0,"_bbp_voice_count":0,"_bbp_anonymous_reply_count":0,"_bbp_topic_count_hidden":0,"_bbp_reply_count_hidden":0,"_bbp_forum_subforum_count":0,"footnotes":""},"categories":[7,80,4],"tags":[97,114,108],"class_list":["post-4324","post","type-post","status-publish","format-standard","hentry","category-afa","category-extraescolars","category-portada","tag-afa","tag-extraescolars","tag-portada"],"post_mailing_queue_ids":[],"_links":{"self":[{"href":"https:\/\/agora.xtec.cat\/ceiprivorubeo\/wp-json\/wp\/v2\/posts\/4324","targetHints":{"allow":["GET"]}}],"collection":[{"href":"https:\/\/agora.xtec.cat\/ceiprivorubeo\/wp-json\/wp\/v2\/posts"}],"about":[{"href":"https:\/\/agora.xtec.cat\/ceiprivorubeo\/wp-json\/wp\/v2\/types\/post"}],"author":[{"embeddable":true,"href":"https:\/\/agora.xtec.cat\/ceiprivorubeo\/wp-json\/wp\/v2\/users\/4"}],"replies":[{"embeddable":true,"href":"https:\/\/agora.xtec.cat\/ceiprivorubeo\/wp-json\/wp\/v2\/comments?post=4324"}],"version-history":[{"count":1,"href":"https:\/\/agora.xtec.cat\/ceiprivorubeo\/wp-json\/wp\/v2\/posts\/4324\/revisions"}],"predecessor-version":[{"id":4325,"href":"https:\/\/agora.xtec.cat\/ceiprivorubeo\/wp-json\/wp\/v2\/posts\/4324\/revisions\/4325"}],"wp:attachment":[{"href":"https:\/\/agora.xtec.cat\/ceiprivorubeo\/wp-json\/wp\/v2\/media?parent=4324"}],"wp:term":[{"taxonomy":"category","embeddable":true,"href":"https:\/\/agora.xtec.cat\/ceiprivorubeo\/wp-json\/wp\/v2\/categories?post=4324"},{"taxonomy":"post_tag","embeddable":true,"href":"https:\/\/agora.xtec.cat\/ceiprivorubeo\/wp-json\/wp\/v2\/tags?post=4324"}],"curies":[{"name":"wp","href":"https:\/\/api.w.org\/{rel}","templated":true}]}}