{"id":4321,"date":"2024-10-14T07:30:27","date_gmt":"2024-10-14T05:30:27","guid":{"rendered":"https:\/\/agora.xtec.cat\/ceiprivorubeo\/?p=4321"},"modified":"2024-10-12T15:44:28","modified_gmt":"2024-10-12T13:44:28","slug":"assemblea-general-de-socies-de-lafa","status":"publish","type":"post","link":"https:\/\/agora.xtec.cat\/ceiprivorubeo\/portada\/assemblea-general-de-socies-de-lafa\/","title":{"rendered":"Assemblea general de s\u00f2cies de l&#8217;AFA"},"content":{"rendered":"<p>\ud83d\udce3\ud83d\udce3 L&#8217;AFA RECORDA, aquest dimarts 29:<\/p>\n<p>\ud83d\udcccASSEMBLEA GENERAL DE S\u00d2CIES DE L&#8217;AFA\u203c\ufe0f\u203c\ufe0f<\/p>\n<p>\ud83d\udcdd 29 d&#8217;OCTUBRE de 19h a 20h30.<br \/>\nReuni\u00f3 on-line: Assemblea General de l&#8217;AFA 2024-2025. Hi podeu accedir amb aquest enlla\u00e7: <a href=\"https:\/\/meet.google.com\/iwe-hffa-fja\">https:\/\/<span class=\"kma42e\">meet.google.com\/iwe-hffa-fja<\/span><\/a><\/p>\n<p>\ud83d\ude4b\u200d\u2640\ufe0f Aquesta reuni\u00f3 anual serveix per fer valoraci\u00f3 de les accions fetes durant el curs anterior, tancar el balan\u00e7 econ\u00f2mic i pactar tant els objectius i accions del nou any, com en decidir com prioritzarem les despeses del nou any.<\/p>\n<p>\ud83d\ude4b\u200d\u2642\ufe0fTamb\u00e9 \u00e9s un bon moment per a que totes les fam\u00edlies puguem fer propostes pel funcionament de l&#8217;AFA i all\u00f2 que realitza per la comunitat educativa.<\/p>\n<p>\u2705 Per aquest motiu creiem important que hi participeu, si sou fam\u00edlia de l&#8217;AFA, si encara no, esteu a temps!<\/p>\n<p>Fins dimarts! \ud83d\udc4d<\/p>\n","protected":false},"excerpt":{"rendered":"<p>\ud83d\udce3\ud83d\udce3 L&#8217;AFA RECORDA, aquest dimarts 29:<br \/>\n\ud83d\udcccASSEMBLEA GENERAL DE S\u00d2CIES DE L&#8217;AFA\u203c\ufe0f\u203c\ufe0f<br \/>\n\ud83d\udcdd 29 d&#8217;OCTUBRE de 19h a 20h30.<br \/>\nReuni\u00f3 on-line: Assemblea General de l&#8217;AFA 2024-2025. Hi podeu accedir amb aquest enlla\u00e7: <a href=\"https:\/\/meet.google.com\/iwe-hffa-fja\">https:\/\/meet.google.com\/iwe-hffa-fja<\/a><br \/>\n\ud83d\ude4b\u200d\u2640\ufe0f Aquesta reuni\u00f3 anual serveix per fer valoraci\u00f3 de les accions fetes durant el curs&hellip;  <a href=\"https:\/\/agora.xtec.cat\/ceiprivorubeo\/portada\/assemblea-general-de-socies-de-lafa\/\" title=\"Read Assemblea general de s\u00f2cies de l&#8217;AFA\">Llegeix m\u00e9s\u00bb<\/a><\/p>\n","protected":false},"author":4,"featured_media":0,"comment_status":"open","ping_status":"closed","sticky":false,"template":"","format":"standard","meta":{"_bbp_topic_count":0,"_bbp_reply_count":0,"_bbp_total_topic_count":0,"_bbp_total_reply_count":0,"_bbp_voice_count":0,"_bbp_anonymous_reply_count":0,"_bbp_topic_count_hidden":0,"_bbp_reply_count_hidden":0,"_bbp_forum_subforum_count":0,"footnotes":""},"categories":[7,4],"tags":[97,108],"class_list":["post-4321","post","type-post","status-publish","format-standard","hentry","category-afa","category-portada","tag-afa","tag-portada"],"post_mailing_queue_ids":[],"_links":{"self":[{"href":"https:\/\/agora.xtec.cat\/ceiprivorubeo\/wp-json\/wp\/v2\/posts\/4321","targetHints":{"allow":["GET"]}}],"collection":[{"href":"https:\/\/agora.xtec.cat\/ceiprivorubeo\/wp-json\/wp\/v2\/posts"}],"about":[{"href":"https:\/\/agora.xtec.cat\/ceiprivorubeo\/wp-json\/wp\/v2\/types\/post"}],"author":[{"embeddable":true,"href":"https:\/\/agora.xtec.cat\/ceiprivorubeo\/wp-json\/wp\/v2\/users\/4"}],"replies":[{"embeddable":true,"href":"https:\/\/agora.xtec.cat\/ceiprivorubeo\/wp-json\/wp\/v2\/comments?post=4321"}],"version-history":[{"count":1,"href":"https:\/\/agora.xtec.cat\/ceiprivorubeo\/wp-json\/wp\/v2\/posts\/4321\/revisions"}],"predecessor-version":[{"id":4322,"href":"https:\/\/agora.xtec.cat\/ceiprivorubeo\/wp-json\/wp\/v2\/posts\/4321\/revisions\/4322"}],"wp:attachment":[{"href":"https:\/\/agora.xtec.cat\/ceiprivorubeo\/wp-json\/wp\/v2\/media?parent=4321"}],"wp:term":[{"taxonomy":"category","embeddable":true,"href":"https:\/\/agora.xtec.cat\/ceiprivorubeo\/wp-json\/wp\/v2\/categories?post=4321"},{"taxonomy":"post_tag","embeddable":true,"href":"https:\/\/agora.xtec.cat\/ceiprivorubeo\/wp-json\/wp\/v2\/tags?post=4321"}],"curies":[{"name":"wp","href":"https:\/\/api.w.org\/{rel}","templated":true}]}}