{"id":4176,"date":"2024-07-12T09:34:06","date_gmt":"2024-07-12T07:34:06","guid":{"rendered":"https:\/\/agora.xtec.cat\/ceiprivorubeo\/?p=4176"},"modified":"2024-07-12T09:34:06","modified_gmt":"2024-07-12T07:34:06","slug":"val-escolar-24-25","status":"publish","type":"post","link":"https:\/\/agora.xtec.cat\/ceiprivorubeo\/portada\/val-escolar-24-25\/","title":{"rendered":"Val Escolar 24-25"},"content":{"rendered":"<h3><img decoding=\"async\" src=\"https:\/\/www.valescolar.cat\/front\/img\/hero-val-escolar.webp\" alt=\"Val Escolar\" data-cke-saved-src=\"https:\/\/www.valescolar.cat\/front\/img\/hero-val-escolar.webp\" \/><\/h3>\n<p>Benvolgudes fam\u00edlies,<\/p>\n<p>Ja podeu activar de manera telem\u00e0tica els vals escolars de 60\u20ac pel curs vinent 2024-2025 per destinar-los a material escolar, per fer-ho heu d\u2019anar al web habilitat pel Departament d\u2019Educaci\u00f3:\u00a0<a href=\"https:\/\/www.valescolar.cat\/\" target=\"_blank\" rel=\"noopener\" data-cke-saved-href=\"https:\/\/www.valescolar.cat\/\">https:\/\/www.valescolar.cat\/<\/a>\u00a0i clicar a\u00a0<strong>ACCEDEIX ALS TEUS VALS\u00a0<\/strong>o fer-ho m\u00e9s r\u00e0pid\u00a0<a href=\"https:\/\/www.valescolar.cat\/vals\/identificacio\" target=\"_blank\" rel=\"noopener\" data-cke-saved-href=\"https:\/\/www.valescolar.cat\/vals\/identificacio\">https:\/\/www.valescolar.cat\/vals\/identificacio\u00a0<\/a>per a poder activar els vals necessitareu tenir a m\u00e0 l\u2019IDALU (identificador de l\u2019alumne) i el codi PIN que us han enviat per correu ordinari o per correu electr\u00f2nic, si no teniu el PIN el podeu obtenir a trav\u00e9s d\u2019aquest enlla\u00e7:\u00a0<a href=\"https:\/\/valescolar.cat\/vals\/pin\" target=\"_blank\" rel=\"noopener\" data-cke-saved-href=\"https:\/\/valescolar.cat\/vals\/pin\">https:\/\/valescolar.cat\/vals\/pin<br \/>\n<\/a>L&#8217;Idalu de l&#8217;alumne, el trobareu al butllet\u00ed final de notes, a l&#8217;apartat superior amb les dades de l&#8217;alumne. Tamb\u00e9 el podeu trobar en aquest enlla\u00e7:\u00a0<a href=\"https:\/\/educacio.gencat.cat\/ca\/tramits\/tramits-temes\/identificador-alumne\" target=\"_blank\" rel=\"noopener\" data-cke-saved-href=\"https:\/\/educacio.gencat.cat\/ca\/tramits\/tramits-temes\/identificador-alumne\">https:\/\/educacio.gencat.cat\/ca\/tramits\/tramits-temes\/identificador-alumne<\/a><\/p>\n<p>NECESSITAREU TENIR EL TEL\u00c8FON M\u00d2BIL EN MA PER A PODER REALITZAR TOT AQUEST PROCEDIMENT.<\/p>\n<p>Recordeu que podeu <strong>cedir els vals als centres educatius <\/strong>abans del <strong>30 de setembre de 2024.<\/strong><\/p>\n<p>Per a qualsevol problema visiteu el web del\u00a0<a href=\"https:\/\/valescolar.cat\/\" target=\"_blank\" rel=\"noopener\" data-cke-saved-href=\"https:\/\/valescolar.cat\/\">Val escolar.<\/a><\/p>\n","protected":false},"excerpt":{"rendered":"<p>Benvolgudes fam\u00edlies,<br \/>\nJa podeu activar de manera telem\u00e0tica els vals escolars de 60\u20ac pel curs vinent 2024-2025 per destinar-los a material escolar, per fer-ho heu d\u2019anar al web habilitat pel Departament d\u2019Educaci\u00f3:\u00a0<a href=\"https:\/\/www.valescolar.cat\/\" target=\"_blank\" rel=\"noopener\" data-cke-saved-href=\"https:\/\/www.valescolar.cat\/\">https:\/\/www.valescolar.cat\/<\/a>\u00a0i clicar a\u00a0ACCEDEIX ALS TEUS VALS\u00a0o fer-ho m\u00e9s r\u00e0pid\u00a0<a href=\"https:\/\/www.valescolar.cat\/vals\/identificacio\" target=\"_blank\"&hellip;  <a href=\"https:\/\/agora.xtec.cat\/ceiprivorubeo\/portada\/val-escolar-24-25\/\" title=\"Read Val Escolar 24-25\">Llegeix m\u00e9s\u00bb<\/a><\/p>\n","protected":false},"author":1,"featured_media":0,"comment_status":"open","ping_status":"closed","sticky":false,"template":"","format":"standard","meta":{"_bbp_topic_count":0,"_bbp_reply_count":0,"_bbp_total_topic_count":0,"_bbp_total_reply_count":0,"_bbp_voice_count":0,"_bbp_anonymous_reply_count":0,"_bbp_topic_count_hidden":0,"_bbp_reply_count_hidden":0,"_bbp_forum_subforum_count":0,"footnotes":""},"categories":[4],"tags":[],"class_list":["post-4176","post","type-post","status-publish","format-standard","hentry","category-portada"],"post_mailing_queue_ids":[],"_links":{"self":[{"href":"https:\/\/agora.xtec.cat\/ceiprivorubeo\/wp-json\/wp\/v2\/posts\/4176","targetHints":{"allow":["GET"]}}],"collection":[{"href":"https:\/\/agora.xtec.cat\/ceiprivorubeo\/wp-json\/wp\/v2\/posts"}],"about":[{"href":"https:\/\/agora.xtec.cat\/ceiprivorubeo\/wp-json\/wp\/v2\/types\/post"}],"author":[{"embeddable":true,"href":"https:\/\/agora.xtec.cat\/ceiprivorubeo\/wp-json\/wp\/v2\/users\/1"}],"replies":[{"embeddable":true,"href":"https:\/\/agora.xtec.cat\/ceiprivorubeo\/wp-json\/wp\/v2\/comments?post=4176"}],"version-history":[{"count":1,"href":"https:\/\/agora.xtec.cat\/ceiprivorubeo\/wp-json\/wp\/v2\/posts\/4176\/revisions"}],"predecessor-version":[{"id":4177,"href":"https:\/\/agora.xtec.cat\/ceiprivorubeo\/wp-json\/wp\/v2\/posts\/4176\/revisions\/4177"}],"wp:attachment":[{"href":"https:\/\/agora.xtec.cat\/ceiprivorubeo\/wp-json\/wp\/v2\/media?parent=4176"}],"wp:term":[{"taxonomy":"category","embeddable":true,"href":"https:\/\/agora.xtec.cat\/ceiprivorubeo\/wp-json\/wp\/v2\/categories?post=4176"},{"taxonomy":"post_tag","embeddable":true,"href":"https:\/\/agora.xtec.cat\/ceiprivorubeo\/wp-json\/wp\/v2\/tags?post=4176"}],"curies":[{"name":"wp","href":"https:\/\/api.w.org\/{rel}","templated":true}]}}