{"id":4169,"date":"2024-06-20T14:26:10","date_gmt":"2024-06-20T12:26:10","guid":{"rendered":"https:\/\/agora.xtec.cat\/ceiprivorubeo\/?p=4169"},"modified":"2024-06-20T14:26:10","modified_gmt":"2024-06-20T12:26:10","slug":"taller-de-doblatge","status":"publish","type":"post","link":"https:\/\/agora.xtec.cat\/ceiprivorubeo\/general\/taller-de-doblatge\/","title":{"rendered":"Taller de doblatge"},"content":{"rendered":"<p>14 infants del cicle de grans, gr\u00e0cies al Pla d&#8217;entorn de l&#8217;Ajuntament, ha pogut gaudir d&#8217;un taller gratu\u00eft de doblatge. Han estat 11 sessions on han pogut desenvolupar els seg\u00fcents objectius:<\/p>\n<ul>\n<li>Introduir-se al m\u00f3n del doblatge.<\/li>\n<li>Treballar la redacci\u00f3 i la m\u00e8trica.<\/li>\n<li>Treballar la lectura i la dicci\u00f3.<\/li>\n<li>Treballar la parla en p\u00fablic i la interpretaci\u00f3.<\/li>\n<li>Valorar el treball espec\u00edfic d\u2019aquesta t\u00e8cnica.<\/li>\n<\/ul>\n<p>Us deixem el seu treball final, esperem que us agradi!<\/p>\n<p><a href=\"https:\/\/drive.google.com\/file\/d\/1Sjxe0jrUmZ4jxM3_-BE-HOzBvzQSMWwQ\/view?usp=drive_link\">V\u00eddeo taller de doblatge<\/a><\/p>\n","protected":false},"excerpt":{"rendered":"<p>14 infants del cicle de grans, gr\u00e0cies al Pla d&#8217;entorn de l&#8217;Ajuntament, ha pogut gaudir d&#8217;un taller gratu\u00eft de doblatge. Han estat 11 sessions on han pogut desenvolupar els seg\u00fcents objectius:<\/p>\n<ul>\n<li>Introduir-se al m\u00f3n del doblatge.<\/li>\n<li>Treballar la redacci\u00f3 i la m\u00e8trica.<\/li>\n<li>Treballar la lectura i la dicci\u00f3.<\/li>\n<li>Treballar&hellip;  <a href=\"https:\/\/agora.xtec.cat\/ceiprivorubeo\/general\/taller-de-doblatge\/\" title=\"Read Taller de doblatge\">Llegeix m\u00e9s\u00bb<\/a><br \/>\n","protected":false},"author":1,"featured_media":0,"comment_status":"open","ping_status":"closed","sticky":false,"template":"","format":"standard","meta":{"_bbp_topic_count":0,"_bbp_reply_count":0,"_bbp_total_topic_count":0,"_bbp_total_reply_count":0,"_bbp_voice_count":0,"_bbp_anonymous_reply_count":0,"_bbp_topic_count_hidden":0,"_bbp_reply_count_hidden":0,"_bbp_forum_subforum_count":0,"footnotes":""},"categories":[1,68,4],"tags":[],"class_list":["post-4169","post","type-post","status-publish","format-standard","hentry","category-general","category-grans","category-portada"],"post_mailing_queue_ids":[],"_links":{"self":[{"href":"https:\/\/agora.xtec.cat\/ceiprivorubeo\/wp-json\/wp\/v2\/posts\/4169","targetHints":{"allow":["GET"]}}],"collection":[{"href":"https:\/\/agora.xtec.cat\/ceiprivorubeo\/wp-json\/wp\/v2\/posts"}],"about":[{"href":"https:\/\/agora.xtec.cat\/ceiprivorubeo\/wp-json\/wp\/v2\/types\/post"}],"author":[{"embeddable":true,"href":"https:\/\/agora.xtec.cat\/ceiprivorubeo\/wp-json\/wp\/v2\/users\/1"}],"replies":[{"embeddable":true,"href":"https:\/\/agora.xtec.cat\/ceiprivorubeo\/wp-json\/wp\/v2\/comments?post=4169"}],"version-history":[{"count":1,"href":"https:\/\/agora.xtec.cat\/ceiprivorubeo\/wp-json\/wp\/v2\/posts\/4169\/revisions"}],"predecessor-version":[{"id":4170,"href":"https:\/\/agora.xtec.cat\/ceiprivorubeo\/wp-json\/wp\/v2\/posts\/4169\/revisions\/4170"}],"wp:attachment":[{"href":"https:\/\/agora.xtec.cat\/ceiprivorubeo\/wp-json\/wp\/v2\/media?parent=4169"}],"wp:term":[{"taxonomy":"category","embeddable":true,"href":"https:\/\/agora.xtec.cat\/ceiprivorubeo\/wp-json\/wp\/v2\/categories?post=4169"},{"taxonomy":"post_tag","embeddable":true,"href":"https:\/\/agora.xtec.cat\/ceiprivorubeo\/wp-json\/wp\/v2\/tags?post=4169"}],"curies":[{"name":"wp","href":"https:\/\/api.w.org\/{rel}","templated":true}]}}