{"id":4141,"date":"2024-06-07T12:58:16","date_gmt":"2024-06-07T10:58:16","guid":{"rendered":"https:\/\/agora.xtec.cat\/ceiprivorubeo\/?p=4141"},"modified":"2024-06-07T16:51:54","modified_gmt":"2024-06-07T14:51:54","slug":"els-llenguaferits-a-lescola","status":"publish","type":"post","link":"https:\/\/agora.xtec.cat\/ceiprivorubeo\/portada\/els-llenguaferits-a-lescola\/","title":{"rendered":"Els\u00a0Llenguaferits\u00a0a l&#8217;escola"},"content":{"rendered":"<div><\/div>\n<div style=\"text-align: justify;\"><b>\u00a0<\/b><\/div>\n<p style=\"text-align: justify;\">Les tardes dels divendres del mes de maig l&#8217;alumnat de 5\u00e8 i 6\u00e8 ha &#8220;jugat&#8221; amb la llengua de la m\u00e0 dels\u00a0<i>Llenguaferits<\/i>. La Jessica i en David que es defineixen com uns bojos per les lleng\u00fces, ens<\/p>\n<p style=\"text-align: justify;\">han portat a fer un viatge arreu del m\u00f3n fent-nos descobrir curiositats ling\u00fc\u00edstiques del catal\u00e0 i d&#8217;altres lleng\u00fces, tot descobrint noves paraules i lleng\u00fces\u00a0minorit\u00e0ries. Hem reflexionat plegats<\/p>\n<p style=\"text-align: justify;\">sobre el valor de respectar i cuidar totes les lleng\u00fces com a patrimoni col\u00b7lectiu.<\/p>\n<p style=\"text-align: justify;\">Tot l&#8217;alumnat ha participat amb entusiasme del taller gaudint plegats de la diversitat i riquesa de les lleng\u00fces del m\u00f3n.<\/p>\n<p style=\"text-align: justify;\">Moltes gr\u00e0cies, <i>Llenguaferits\u00a0<\/i>per aquest viatge!<\/p>\n<p>&nbsp;<\/p>\n<p style=\"text-align: justify;\"><a href=\"http:\/\/www.llenguaferits.cat\/\" target=\"_blank\" rel=\"noopener\" data-saferedirecturl=\"https:\/\/www.google.com\/url?q=http:\/\/www.llenguaferits.cat\/&amp;source=gmail&amp;ust=1717836086819000&amp;usg=AOvVaw0EY9I0I5NuCbDLIUkwMbis\">http:\/\/www.llenguaferits.cat\/<\/a><\/p>\n<div><\/div>\n<div><\/div>\n<div><a href=\"https:\/\/agora.xtec.cat\/ceiprivorubeo\/wp-content\/uploads\/usu2655\/2024\/06\/IMG-20240530-WA0007.jpg\"><img loading=\"lazy\" decoding=\"async\" class=\"alignright  wp-image-4137\" src=\"https:\/\/agora.xtec.cat\/ceiprivorubeo\/wp-content\/uploads\/usu2655\/2024\/06\/IMG-20240530-WA0007-300x234.jpg\" alt=\"\" width=\"285\" height=\"222\" srcset=\"https:\/\/agora.xtec.cat\/ceiprivorubeo\/wp-content\/uploads\/usu2655\/2024\/06\/IMG-20240530-WA0007-300x234.jpg 300w, https:\/\/agora.xtec.cat\/ceiprivorubeo\/wp-content\/uploads\/usu2655\/2024\/06\/IMG-20240530-WA0007-1024x799.jpg 1024w, https:\/\/agora.xtec.cat\/ceiprivorubeo\/wp-content\/uploads\/usu2655\/2024\/06\/IMG-20240530-WA0007-768x600.jpg 768w, https:\/\/agora.xtec.cat\/ceiprivorubeo\/wp-content\/uploads\/usu2655\/2024\/06\/IMG-20240530-WA0007.jpg 1204w\" sizes=\"auto, (max-width: 285px) 100vw, 285px\" \/><\/a> <a href=\"https:\/\/agora.xtec.cat\/ceiprivorubeo\/wp-content\/uploads\/usu2655\/2024\/06\/llenguaferits-5B.jpg\"><img loading=\"lazy\" decoding=\"async\" class=\"alignright size-medium wp-image-4139\" src=\"https:\/\/agora.xtec.cat\/ceiprivorubeo\/wp-content\/uploads\/usu2655\/2024\/06\/llenguaferits-5B-300x225.jpg\" alt=\"\" width=\"300\" height=\"225\" srcset=\"https:\/\/agora.xtec.cat\/ceiprivorubeo\/wp-content\/uploads\/usu2655\/2024\/06\/llenguaferits-5B-300x225.jpg 300w, https:\/\/agora.xtec.cat\/ceiprivorubeo\/wp-content\/uploads\/usu2655\/2024\/06\/llenguaferits-5B-1024x768.jpg 1024w, https:\/\/agora.xtec.cat\/ceiprivorubeo\/wp-content\/uploads\/usu2655\/2024\/06\/llenguaferits-5B-768x576.jpg 768w, https:\/\/agora.xtec.cat\/ceiprivorubeo\/wp-content\/uploads\/usu2655\/2024\/06\/llenguaferits-5B-1536x1152.jpg 1536w, https:\/\/agora.xtec.cat\/ceiprivorubeo\/wp-content\/uploads\/usu2655\/2024\/06\/llenguaferits-5B-200x150.jpg 200w, https:\/\/agora.xtec.cat\/ceiprivorubeo\/wp-content\/uploads\/usu2655\/2024\/06\/llenguaferits-5B.jpg 1600w\" sizes=\"auto, (max-width: 300px) 100vw, 300px\" \/><\/a> <a href=\"https:\/\/agora.xtec.cat\/ceiprivorubeo\/wp-content\/uploads\/usu2655\/2024\/06\/LLF-5B2.jpg\"><img loading=\"lazy\" decoding=\"async\" class=\"alignright size-medium wp-image-4138\" src=\"https:\/\/agora.xtec.cat\/ceiprivorubeo\/wp-content\/uploads\/usu2655\/2024\/06\/LLF-5B2-300x225.jpg\" alt=\"\" width=\"300\" height=\"225\" srcset=\"https:\/\/agora.xtec.cat\/ceiprivorubeo\/wp-content\/uploads\/usu2655\/2024\/06\/LLF-5B2-300x225.jpg 300w, https:\/\/agora.xtec.cat\/ceiprivorubeo\/wp-content\/uploads\/usu2655\/2024\/06\/LLF-5B2-1024x768.jpg 1024w, https:\/\/agora.xtec.cat\/ceiprivorubeo\/wp-content\/uploads\/usu2655\/2024\/06\/LLF-5B2-768x576.jpg 768w, https:\/\/agora.xtec.cat\/ceiprivorubeo\/wp-content\/uploads\/usu2655\/2024\/06\/LLF-5B2-1536x1152.jpg 1536w, https:\/\/agora.xtec.cat\/ceiprivorubeo\/wp-content\/uploads\/usu2655\/2024\/06\/LLF-5B2-200x150.jpg 200w, https:\/\/agora.xtec.cat\/ceiprivorubeo\/wp-content\/uploads\/usu2655\/2024\/06\/LLF-5B2.jpg 1600w\" sizes=\"auto, (max-width: 300px) 100vw, 300px\" \/><\/a><\/div>\n","protected":false},"excerpt":{"rendered":"<p>\u00a0<br \/>\nLes tardes dels divendres del mes de maig l&#8217;alumnat de 5\u00e8 i 6\u00e8 ha &#8220;jugat&#8221; amb la llengua de la m\u00e0 dels\u00a0Llenguaferits. La Jessica i en David que es defineixen com uns bojos per les lleng\u00fces, ens<br \/>\nhan portat a fer un viatge arreu del m\u00f3n&hellip;  <a href=\"https:\/\/agora.xtec.cat\/ceiprivorubeo\/portada\/els-llenguaferits-a-lescola\/\" title=\"Read Els\u00a0Llenguaferits\u00a0a l&#8217;escola\">Llegeix m\u00e9s\u00bb<\/a><\/p>\n","protected":false},"author":1,"featured_media":0,"comment_status":"open","ping_status":"closed","sticky":false,"template":"","format":"standard","meta":{"_bbp_topic_count":0,"_bbp_reply_count":0,"_bbp_total_topic_count":0,"_bbp_total_reply_count":0,"_bbp_voice_count":0,"_bbp_anonymous_reply_count":0,"_bbp_topic_count_hidden":0,"_bbp_reply_count_hidden":0,"_bbp_forum_subforum_count":0,"footnotes":""},"categories":[13,91,65,78,4],"tags":[],"class_list":["post-4141","post","type-post","status-publish","format-standard","hentry","category-5e","category-biblioteca","category-butlleti","category-butlletins-publicats","category-portada"],"post_mailing_queue_ids":[],"_links":{"self":[{"href":"https:\/\/agora.xtec.cat\/ceiprivorubeo\/wp-json\/wp\/v2\/posts\/4141","targetHints":{"allow":["GET"]}}],"collection":[{"href":"https:\/\/agora.xtec.cat\/ceiprivorubeo\/wp-json\/wp\/v2\/posts"}],"about":[{"href":"https:\/\/agora.xtec.cat\/ceiprivorubeo\/wp-json\/wp\/v2\/types\/post"}],"author":[{"embeddable":true,"href":"https:\/\/agora.xtec.cat\/ceiprivorubeo\/wp-json\/wp\/v2\/users\/1"}],"replies":[{"embeddable":true,"href":"https:\/\/agora.xtec.cat\/ceiprivorubeo\/wp-json\/wp\/v2\/comments?post=4141"}],"version-history":[{"count":3,"href":"https:\/\/agora.xtec.cat\/ceiprivorubeo\/wp-json\/wp\/v2\/posts\/4141\/revisions"}],"predecessor-version":[{"id":4149,"href":"https:\/\/agora.xtec.cat\/ceiprivorubeo\/wp-json\/wp\/v2\/posts\/4141\/revisions\/4149"}],"wp:attachment":[{"href":"https:\/\/agora.xtec.cat\/ceiprivorubeo\/wp-json\/wp\/v2\/media?parent=4141"}],"wp:term":[{"taxonomy":"category","embeddable":true,"href":"https:\/\/agora.xtec.cat\/ceiprivorubeo\/wp-json\/wp\/v2\/categories?post=4141"},{"taxonomy":"post_tag","embeddable":true,"href":"https:\/\/agora.xtec.cat\/ceiprivorubeo\/wp-json\/wp\/v2\/tags?post=4141"}],"curies":[{"name":"wp","href":"https:\/\/api.w.org\/{rel}","templated":true}]}}