{"id":4078,"date":"2024-06-10T11:02:28","date_gmt":"2024-06-10T09:02:28","guid":{"rendered":"https:\/\/agora.xtec.cat\/ceiprivorubeo\/?p=4078"},"modified":"2024-06-10T11:02:28","modified_gmt":"2024-06-10T09:02:28","slug":"taller-de-cianotipies","status":"publish","type":"post","link":"https:\/\/agora.xtec.cat\/ceiprivorubeo\/general\/taller-de-cianotipies\/","title":{"rendered":"Taller de cianot\u00edpies"},"content":{"rendered":"<p>Durant aquestes \u00faltimes setmanes, els infants de 6\u00e8 han realitzat un taller de dues sessions on han conegut que s\u00f3n les <strong>cianot\u00edpies<\/strong> i tamb\u00e9 han tingut l\u2019oportunitat de fer la seva pr\u00f2pia.<\/p>\n<p>En la primera sessi\u00f3, van anar al bosc de Sant Gen\u00eds a recollir algunes mostres de les fulles o plantes que m\u00e9s els van agradar per, posteriorment, deixar-les premsant. En la segona sessi\u00f3, al pati de l\u2019escola, va arribar el moment de fer el revelatge utilitzant diferents materials com el paper emulsionat, metacrilat o aigua.<\/p>\n<p>Compartim amb vosaltres <a href=\"https:\/\/drive.google.com\/drive\/folders\/1hi5ASDR8l4iGY_3TWLmwXV_YQUqqw8Oe?usp=sharing\"><strong>algunes<\/strong> <strong>imatges<\/strong> <\/a>perqu\u00e8 pugueu veure el proc\u00e9s de creaci\u00f3 d\u2019aquesta gran experi\u00e8ncia art\u00edstica.<\/p>\n<p><a href=\"https:\/\/agora.xtec.cat\/ceiprivorubeo\/wp-content\/uploads\/usu2655\/2024\/05\/1716231710225-1-scaled-e1716232514815.jpg\"><img loading=\"lazy\" decoding=\"async\" class=\"alignnone wp-image-4079\" src=\"https:\/\/agora.xtec.cat\/ceiprivorubeo\/wp-content\/uploads\/usu2655\/2024\/05\/1716231710225-1-scaled-e1716232514815-1024x728.jpg\" alt=\"\" width=\"458\" height=\"325\" srcset=\"https:\/\/agora.xtec.cat\/ceiprivorubeo\/wp-content\/uploads\/usu2655\/2024\/05\/1716231710225-1-scaled-e1716232514815-1024x728.jpg 1024w, https:\/\/agora.xtec.cat\/ceiprivorubeo\/wp-content\/uploads\/usu2655\/2024\/05\/1716231710225-1-scaled-e1716232514815-300x213.jpg 300w, https:\/\/agora.xtec.cat\/ceiprivorubeo\/wp-content\/uploads\/usu2655\/2024\/05\/1716231710225-1-scaled-e1716232514815-768x546.jpg 768w, https:\/\/agora.xtec.cat\/ceiprivorubeo\/wp-content\/uploads\/usu2655\/2024\/05\/1716231710225-1-scaled-e1716232514815-1536x1092.jpg 1536w, https:\/\/agora.xtec.cat\/ceiprivorubeo\/wp-content\/uploads\/usu2655\/2024\/05\/1716231710225-1-scaled-e1716232514815-2048x1456.jpg 2048w\" sizes=\"auto, (max-width: 458px) 100vw, 458px\" \/> \u00a0<\/a><a href=\"https:\/\/agora.xtec.cat\/ceiprivorubeo\/wp-content\/uploads\/usu2655\/2024\/05\/20240515_155609-1-scaled-e1716232319797.jpg\"><img loading=\"lazy\" decoding=\"async\" class=\"alignnone wp-image-4080\" src=\"https:\/\/agora.xtec.cat\/ceiprivorubeo\/wp-content\/uploads\/usu2655\/2024\/05\/20240515_155609-1-scaled-e1716232319797-755x1024.jpg\" alt=\"\" width=\"240\" height=\"326\" srcset=\"https:\/\/agora.xtec.cat\/ceiprivorubeo\/wp-content\/uploads\/usu2655\/2024\/05\/20240515_155609-1-scaled-e1716232319797-755x1024.jpg 755w, https:\/\/agora.xtec.cat\/ceiprivorubeo\/wp-content\/uploads\/usu2655\/2024\/05\/20240515_155609-1-scaled-e1716232319797-221x300.jpg 221w, https:\/\/agora.xtec.cat\/ceiprivorubeo\/wp-content\/uploads\/usu2655\/2024\/05\/20240515_155609-1-scaled-e1716232319797-768x1042.jpg 768w, https:\/\/agora.xtec.cat\/ceiprivorubeo\/wp-content\/uploads\/usu2655\/2024\/05\/20240515_155609-1-scaled-e1716232319797-1132x1536.jpg 1132w, https:\/\/agora.xtec.cat\/ceiprivorubeo\/wp-content\/uploads\/usu2655\/2024\/05\/20240515_155609-1-scaled-e1716232319797.jpg 1429w\" sizes=\"auto, (max-width: 240px) 100vw, 240px\" \/><\/a><\/p>\n","protected":false},"excerpt":{"rendered":"<p>Durant aquestes \u00faltimes setmanes, els infants de 6\u00e8 han realitzat un taller de dues sessions on han conegut que s\u00f3n les cianot\u00edpies i tamb\u00e9 han tingut l\u2019oportunitat de fer la seva pr\u00f2pia.<br \/>\nEn la primera sessi\u00f3, van anar al bosc de Sant Gen\u00eds a recollir algunes&hellip;  <a href=\"https:\/\/agora.xtec.cat\/ceiprivorubeo\/general\/taller-de-cianotipies\/\" title=\"Read Taller de cianot\u00edpies\">Llegeix m\u00e9s\u00bb<\/a><\/p>\n","protected":false},"author":21,"featured_media":4080,"comment_status":"open","ping_status":"closed","sticky":false,"template":"","format":"standard","meta":{"_bbp_topic_count":0,"_bbp_reply_count":0,"_bbp_total_topic_count":0,"_bbp_total_reply_count":0,"_bbp_voice_count":0,"_bbp_anonymous_reply_count":0,"_bbp_topic_count_hidden":0,"_bbp_reply_count_hidden":0,"_bbp_forum_subforum_count":0,"footnotes":""},"categories":[1,68,14],"tags":[],"class_list":["post-4078","post","type-post","status-publish","format-standard","has-post-thumbnail","hentry","category-general","category-grans","category-6e"],"post_mailing_queue_ids":[],"_links":{"self":[{"href":"https:\/\/agora.xtec.cat\/ceiprivorubeo\/wp-json\/wp\/v2\/posts\/4078","targetHints":{"allow":["GET"]}}],"collection":[{"href":"https:\/\/agora.xtec.cat\/ceiprivorubeo\/wp-json\/wp\/v2\/posts"}],"about":[{"href":"https:\/\/agora.xtec.cat\/ceiprivorubeo\/wp-json\/wp\/v2\/types\/post"}],"author":[{"embeddable":true,"href":"https:\/\/agora.xtec.cat\/ceiprivorubeo\/wp-json\/wp\/v2\/users\/21"}],"replies":[{"embeddable":true,"href":"https:\/\/agora.xtec.cat\/ceiprivorubeo\/wp-json\/wp\/v2\/comments?post=4078"}],"version-history":[{"count":6,"href":"https:\/\/agora.xtec.cat\/ceiprivorubeo\/wp-json\/wp\/v2\/posts\/4078\/revisions"}],"predecessor-version":[{"id":4088,"href":"https:\/\/agora.xtec.cat\/ceiprivorubeo\/wp-json\/wp\/v2\/posts\/4078\/revisions\/4088"}],"wp:featuredmedia":[{"embeddable":true,"href":"https:\/\/agora.xtec.cat\/ceiprivorubeo\/wp-json\/wp\/v2\/media\/4080"}],"wp:attachment":[{"href":"https:\/\/agora.xtec.cat\/ceiprivorubeo\/wp-json\/wp\/v2\/media?parent=4078"}],"wp:term":[{"taxonomy":"category","embeddable":true,"href":"https:\/\/agora.xtec.cat\/ceiprivorubeo\/wp-json\/wp\/v2\/categories?post=4078"},{"taxonomy":"post_tag","embeddable":true,"href":"https:\/\/agora.xtec.cat\/ceiprivorubeo\/wp-json\/wp\/v2\/tags?post=4078"}],"curies":[{"name":"wp","href":"https:\/\/api.w.org\/{rel}","templated":true}]}}