{"id":4006,"date":"2024-05-03T17:15:21","date_gmt":"2024-05-03T15:15:21","guid":{"rendered":"https:\/\/agora.xtec.cat\/ceiprivorubeo\/?p=4006"},"modified":"2024-05-03T17:18:34","modified_gmt":"2024-05-03T15:18:34","slug":"casal-del-rivo-2024","status":"publish","type":"post","link":"https:\/\/agora.xtec.cat\/ceiprivorubeo\/portada\/casal-del-rivo-2024\/","title":{"rendered":"Casal del Rivo 2024"},"content":{"rendered":"<p>\ud83d\udce2 Rivo fam\u00edlies!<\/p>\n<p>Des de la Comi de Lleure us fem arribar tota la informaci\u00f3 referent al Casal del Rivo 2024.<\/p>\n<p>Com no podia ser d&#8217;una altra manera, aquest any el centre d&#8217;inter\u00e8s seran&#8230; Les Olimp\u00edades!\ud83e\udd47\ud83e\udd48\ud83e\udd49<\/p>\n<p>Als documents adjunts trobareu tota la informaci\u00f3, aix\u00ed com els enlla\u00e7os tant a la reuni\u00f3 informativa, com a les inscripcions.<\/p>\n<p>\ud83e\udef5\ud83c\udffb Cliqueu a sobre les paraules &#8220;INSCRIPCI\u00d3&#8221; i &#8220;ENLLA\u00c7 A LA REUNI\u00d3&#8221; per accedir-hi.<\/p>\n<p><a href=\"https:\/\/agora.xtec.cat\/ceiprivorubeo\/portada\/casal-del-rivo-2024\/attachment\/poster-casal-2024-rivo-con-enlace\/\" rel=\"attachment wp-att-4007\">POSTER CASAL 2024 Rivo (amb enlla\u00e7os)<\/a><\/p>\n<p><a href=\"https:\/\/agora.xtec.cat\/ceiprivorubeo\/portada\/casal-del-rivo-2024\/attachment\/dossier-families-rubi-rivo-rubeo\/\" rel=\"attachment wp-att-4012\">DOSSIER FAMILIES RUBI (Rivo Rubeo)<\/a><\/p>\n<p>Animeu-vos!<\/p>\n<p>Comissi\u00f3 Lleure<\/p>\n","protected":false},"excerpt":{"rendered":"<p>\ud83d\udce2 Rivo fam\u00edlies!<br \/>\nDes de la Comi de Lleure us fem arribar tota la informaci\u00f3 referent al Casal del Rivo 2024.<br \/>\nCom no podia ser d&#8217;una altra manera, aquest any el centre d&#8217;inter\u00e8s seran&#8230; Les Olimp\u00edades!\ud83e\udd47\ud83e\udd48\ud83e\udd49<br \/>\nAls documents adjunts trobareu tota la informaci\u00f3, aix\u00ed com els enlla\u00e7os tant&hellip;  <a href=\"https:\/\/agora.xtec.cat\/ceiprivorubeo\/portada\/casal-del-rivo-2024\/\" title=\"Read Casal del Rivo 2024\">Llegeix m\u00e9s\u00bb<\/a><\/p>\n","protected":false},"author":4,"featured_media":0,"comment_status":"open","ping_status":"closed","sticky":false,"template":"","format":"standard","meta":{"_bbp_topic_count":0,"_bbp_reply_count":0,"_bbp_total_topic_count":0,"_bbp_total_reply_count":0,"_bbp_voice_count":0,"_bbp_anonymous_reply_count":0,"_bbp_topic_count_hidden":0,"_bbp_reply_count_hidden":0,"_bbp_forum_subforum_count":0,"footnotes":""},"categories":[7,4],"tags":[97,108],"class_list":["post-4006","post","type-post","status-publish","format-standard","hentry","category-afa","category-portada","tag-afa","tag-portada"],"post_mailing_queue_ids":[],"_links":{"self":[{"href":"https:\/\/agora.xtec.cat\/ceiprivorubeo\/wp-json\/wp\/v2\/posts\/4006","targetHints":{"allow":["GET"]}}],"collection":[{"href":"https:\/\/agora.xtec.cat\/ceiprivorubeo\/wp-json\/wp\/v2\/posts"}],"about":[{"href":"https:\/\/agora.xtec.cat\/ceiprivorubeo\/wp-json\/wp\/v2\/types\/post"}],"author":[{"embeddable":true,"href":"https:\/\/agora.xtec.cat\/ceiprivorubeo\/wp-json\/wp\/v2\/users\/4"}],"replies":[{"embeddable":true,"href":"https:\/\/agora.xtec.cat\/ceiprivorubeo\/wp-json\/wp\/v2\/comments?post=4006"}],"version-history":[{"count":5,"href":"https:\/\/agora.xtec.cat\/ceiprivorubeo\/wp-json\/wp\/v2\/posts\/4006\/revisions"}],"predecessor-version":[{"id":4014,"href":"https:\/\/agora.xtec.cat\/ceiprivorubeo\/wp-json\/wp\/v2\/posts\/4006\/revisions\/4014"}],"wp:attachment":[{"href":"https:\/\/agora.xtec.cat\/ceiprivorubeo\/wp-json\/wp\/v2\/media?parent=4006"}],"wp:term":[{"taxonomy":"category","embeddable":true,"href":"https:\/\/agora.xtec.cat\/ceiprivorubeo\/wp-json\/wp\/v2\/categories?post=4006"},{"taxonomy":"post_tag","embeddable":true,"href":"https:\/\/agora.xtec.cat\/ceiprivorubeo\/wp-json\/wp\/v2\/tags?post=4006"}],"curies":[{"name":"wp","href":"https:\/\/api.w.org\/{rel}","templated":true}]}}