{"id":3989,"date":"2024-04-26T19:06:07","date_gmt":"2024-04-26T17:06:07","guid":{"rendered":"https:\/\/agora.xtec.cat\/ceiprivorubeo\/?p=3989"},"modified":"2024-04-26T19:11:36","modified_gmt":"2024-04-26T17:11:36","slug":"un-sant-jordi-divers-2","status":"publish","type":"post","link":"https:\/\/agora.xtec.cat\/ceiprivorubeo\/portada\/un-sant-jordi-divers-2\/","title":{"rendered":"Un Sant Jordi Divers"},"content":{"rendered":"<div class=\"gmail_default\">\n<p>Volem\u00a0<strong>donar-vos les gr\u00e0cies a totes les fam\u00edlies que heu participat en el concurs<\/strong> per ajudar-nos amb la tasca de sensibilitzar als nostres infants davant la diversitat. Hem rebut molts comentaris de fam\u00edlies relatant l&#8217;experi\u00e8ncia i us vol\u00edem compartir alguns d&#8217;ells:<\/p>\n<p><em>&#8211;\u00a0\u00a0Te cuento\u00a0 como se sinti\u00f3 al hacerlo, despu\u00e9s de acabar, se puso a llorar sin consuelo ya que dec\u00eda que no sab\u00eda c\u00f3mo se sent\u00edan las personas que no ten\u00edan visi\u00f3n yo aproveche para trabajar la empatia hacia las personas con necesidades especiales y darle valor de estar completamente sanos sin ninguna necesidad. Fue un trabajo muy valioso ya que muchas veces no nos ponemos en la piel de quien no es igual que nosotros por alguna circunstancia o raz\u00f3n m\u00e9dica.<\/em><\/p>\n<p><em>&#8211; La meva filla es va bloquejar al veure com li estava quedant el dibuix, per molt que s&#8217;esfor\u00e7ava seguia sense agradar-li el resultat aix\u00ed que va decidir parar i no acabar-lo. Vaig aprofitar per treballar amb ella la import\u00e0ncia de l&#8217;esfor\u00e7 i com hi ha certes coses a la vida que ens costen m\u00e9s, igual que les persones amb alguna discapacitat, que s&#8217;han d&#8217;esfor\u00e7ar m\u00e9s, per\u00f2 que no per aix\u00f2 hem d&#8217;abandonar, al contrari, hem de continuar intentat-ho! i sobretot valorar tot all\u00f2 que fan les persones amb discapacitat i el s\u00faper esfor\u00e7 que fan cont\u00ednuament.<\/em><\/p>\n<p><em>&#8211; Ha estat una activitat que ens ha agradat molt i personalment penso que ha estat molt enriquidora. Hem pogut parlar molt amb ell de com superar dificultats i com buscar solucions a imprevistos que ens sorgien, a entendre que la perfecci\u00f3 no sempre es pot aconseguir, que la const\u00e0ncia i no rendir-se per obtenir all\u00f2 que ell volia ha valgut la pena, i finalment ell sol li ha donat valor al seu propi esfor\u00e7 i a la satisfacci\u00f3 final de veure el dibuix acabat. Felicitats per la iniciativa!_<\/em><\/p>\n<p>Tamb\u00e9 volem compartir amb vosaltres <strong>un v\u00eddeo amb les fotografies<\/strong>\u00a0que ens heu enviat dels vostres infants fent el dibuix.<\/p>\n<\/div>\n<div><\/div>\n<h3><a href=\"https:\/\/drive.google.com\/file\/d\/1CqiKjfUqM9ImIRCcnpW9bmRvZjOEhS_5\/view?usp=sharing\">https:\/\/drive.google.com\/file\/d\/1CqiKjfUqM9ImIRCcnpW9bmRvZjOEhS_5\/view?usp=sharing<\/a><\/h3>\n<div><\/div>\n<div><\/div>\n<div><\/div>\n<div><\/div>\n","protected":false},"excerpt":{"rendered":"<p>Volem\u00a0donar-vos les gr\u00e0cies a totes les fam\u00edlies que heu participat en el concurs per ajudar-nos amb la tasca de sensibilitzar als nostres infants davant la diversitat. Hem rebut molts comentaris de fam\u00edlies relatant l&#8217;experi\u00e8ncia i us vol\u00edem compartir alguns d&#8217;ells:<br \/>\n&#8211;\u00a0\u00a0Te cuento\u00a0 como se sinti\u00f3 al&hellip;  <a href=\"https:\/\/agora.xtec.cat\/ceiprivorubeo\/portada\/un-sant-jordi-divers-2\/\" title=\"Read Un Sant Jordi Divers\">Llegeix m\u00e9s\u00bb<\/a><\/p>\n","protected":false},"author":1,"featured_media":0,"comment_status":"open","ping_status":"closed","sticky":false,"template":"","format":"standard","meta":{"_bbp_topic_count":0,"_bbp_reply_count":0,"_bbp_total_topic_count":0,"_bbp_total_reply_count":0,"_bbp_voice_count":0,"_bbp_anonymous_reply_count":0,"_bbp_topic_count_hidden":0,"_bbp_reply_count_hidden":0,"_bbp_forum_subforum_count":0,"footnotes":""},"categories":[65,78,4],"tags":[],"class_list":["post-3989","post","type-post","status-publish","format-standard","hentry","category-butlleti","category-butlletins-publicats","category-portada"],"post_mailing_queue_ids":[],"_links":{"self":[{"href":"https:\/\/agora.xtec.cat\/ceiprivorubeo\/wp-json\/wp\/v2\/posts\/3989","targetHints":{"allow":["GET"]}}],"collection":[{"href":"https:\/\/agora.xtec.cat\/ceiprivorubeo\/wp-json\/wp\/v2\/posts"}],"about":[{"href":"https:\/\/agora.xtec.cat\/ceiprivorubeo\/wp-json\/wp\/v2\/types\/post"}],"author":[{"embeddable":true,"href":"https:\/\/agora.xtec.cat\/ceiprivorubeo\/wp-json\/wp\/v2\/users\/1"}],"replies":[{"embeddable":true,"href":"https:\/\/agora.xtec.cat\/ceiprivorubeo\/wp-json\/wp\/v2\/comments?post=3989"}],"version-history":[{"count":4,"href":"https:\/\/agora.xtec.cat\/ceiprivorubeo\/wp-json\/wp\/v2\/posts\/3989\/revisions"}],"predecessor-version":[{"id":3993,"href":"https:\/\/agora.xtec.cat\/ceiprivorubeo\/wp-json\/wp\/v2\/posts\/3989\/revisions\/3993"}],"wp:attachment":[{"href":"https:\/\/agora.xtec.cat\/ceiprivorubeo\/wp-json\/wp\/v2\/media?parent=3989"}],"wp:term":[{"taxonomy":"category","embeddable":true,"href":"https:\/\/agora.xtec.cat\/ceiprivorubeo\/wp-json\/wp\/v2\/categories?post=3989"},{"taxonomy":"post_tag","embeddable":true,"href":"https:\/\/agora.xtec.cat\/ceiprivorubeo\/wp-json\/wp\/v2\/tags?post=3989"}],"curies":[{"name":"wp","href":"https:\/\/api.w.org\/{rel}","templated":true}]}}