{"id":3987,"date":"2024-04-26T18:36:55","date_gmt":"2024-04-26T16:36:55","guid":{"rendered":"https:\/\/agora.xtec.cat\/ceiprivorubeo\/?p=3987"},"modified":"2024-04-26T18:36:55","modified_gmt":"2024-04-26T16:36:55","slug":"sacosten-les-aules-obertes","status":"publish","type":"post","link":"https:\/\/agora.xtec.cat\/ceiprivorubeo\/portada\/sacosten-les-aules-obertes\/","title":{"rendered":"S&#8217;acosten les aules obertes!!"},"content":{"rendered":"<p>Hola, fam\u00edlies!<\/p>\n<p>Amb el 3r trimestre arriba el moment de mostrar-vos algun aspecte treballat a les classes durant el curs: <strong>les aules obertes+assemblees.<\/strong><\/p>\n<p>En aquest format unim l&#8217;aula oberta en la qual cada nivell us mostrar\u00e0 algun aspecte treballat durant el curs amb una posterior assemblea de fam\u00edlies i mestres, en el que podreu reflexionar sobre l&#8217;activitat viscuda.<\/p>\n<p>Quan s&#8217;acosti la data us donarem m\u00e9s detalls de l&#8217;organitzaci\u00f3, per\u00f2 ara us volem avan\u00e7ar el calendari perqu\u00e8 us pugueu reservar la tarda d&#8217;aquell dia. Us esperem a tots i totes a les 15:15 i les assemblees s&#8217;acabaran sobre les 17h i hi haur\u00e0 servei de canguratge per qui ho necessiti.<\/p>\n<ul>\n<li>MITJANS\n<ul>\n<li>1r: 27 de maig<\/li>\n<li>2n: 3 de juny<\/li>\n<li>3r: 29 de maig<\/li>\n<\/ul>\n<\/li>\n<li>GRANS\n<ul>\n<li>4t: 22 de maig<\/li>\n<li>5\u00e8: 13 de maig<\/li>\n<li>6\u00e8: 16 de maig<\/li>\n<\/ul>\n<\/li>\n<\/ul>\n<p><a href=\"https:\/\/agora.xtec.cat\/ceiprivorubeo\/wp-content\/uploads\/usu2655\/2023\/12\/IMG_20231211_115200-scaled.jpg\"><img loading=\"lazy\" decoding=\"async\" class=\"size-medium wp-image-3466 aligncenter\" src=\"https:\/\/agora.xtec.cat\/ceiprivorubeo\/wp-content\/uploads\/usu2655\/2023\/12\/IMG_20231211_115200-300x225.jpg\" alt=\"\" width=\"300\" height=\"225\" srcset=\"https:\/\/agora.xtec.cat\/ceiprivorubeo\/wp-content\/uploads\/usu2655\/2023\/12\/IMG_20231211_115200-300x225.jpg 300w, https:\/\/agora.xtec.cat\/ceiprivorubeo\/wp-content\/uploads\/usu2655\/2023\/12\/IMG_20231211_115200-1024x768.jpg 1024w, https:\/\/agora.xtec.cat\/ceiprivorubeo\/wp-content\/uploads\/usu2655\/2023\/12\/IMG_20231211_115200-768x576.jpg 768w, https:\/\/agora.xtec.cat\/ceiprivorubeo\/wp-content\/uploads\/usu2655\/2023\/12\/IMG_20231211_115200-1536x1152.jpg 1536w, https:\/\/agora.xtec.cat\/ceiprivorubeo\/wp-content\/uploads\/usu2655\/2023\/12\/IMG_20231211_115200-2048x1536.jpg 2048w, https:\/\/agora.xtec.cat\/ceiprivorubeo\/wp-content\/uploads\/usu2655\/2023\/12\/IMG_20231211_115200-200x150.jpg 200w\" sizes=\"auto, (max-width: 300px) 100vw, 300px\" \/><\/a><\/p>\n","protected":false},"excerpt":{"rendered":"<p>Hola, fam\u00edlies!<br \/>\nAmb el 3r trimestre arriba el moment de mostrar-vos algun aspecte treballat a les classes durant el curs: les aules obertes+assemblees.<br \/>\nEn aquest format unim l&#8217;aula oberta en la qual cada nivell us mostrar\u00e0 algun aspecte treballat durant el curs amb una posterior assemblea de&hellip;  <a href=\"https:\/\/agora.xtec.cat\/ceiprivorubeo\/portada\/sacosten-les-aules-obertes\/\" title=\"Read S&#8217;acosten les aules obertes!!\">Llegeix m\u00e9s\u00bb<\/a><\/p>\n","protected":false},"author":1,"featured_media":0,"comment_status":"open","ping_status":"closed","sticky":false,"template":"","format":"standard","meta":{"_bbp_topic_count":0,"_bbp_reply_count":0,"_bbp_total_topic_count":0,"_bbp_total_reply_count":0,"_bbp_voice_count":0,"_bbp_anonymous_reply_count":0,"_bbp_topic_count_hidden":0,"_bbp_reply_count_hidden":0,"_bbp_forum_subforum_count":0,"footnotes":""},"categories":[65,78,4],"tags":[],"class_list":["post-3987","post","type-post","status-publish","format-standard","hentry","category-butlleti","category-butlletins-publicats","category-portada"],"post_mailing_queue_ids":[],"_links":{"self":[{"href":"https:\/\/agora.xtec.cat\/ceiprivorubeo\/wp-json\/wp\/v2\/posts\/3987","targetHints":{"allow":["GET"]}}],"collection":[{"href":"https:\/\/agora.xtec.cat\/ceiprivorubeo\/wp-json\/wp\/v2\/posts"}],"about":[{"href":"https:\/\/agora.xtec.cat\/ceiprivorubeo\/wp-json\/wp\/v2\/types\/post"}],"author":[{"embeddable":true,"href":"https:\/\/agora.xtec.cat\/ceiprivorubeo\/wp-json\/wp\/v2\/users\/1"}],"replies":[{"embeddable":true,"href":"https:\/\/agora.xtec.cat\/ceiprivorubeo\/wp-json\/wp\/v2\/comments?post=3987"}],"version-history":[{"count":1,"href":"https:\/\/agora.xtec.cat\/ceiprivorubeo\/wp-json\/wp\/v2\/posts\/3987\/revisions"}],"predecessor-version":[{"id":3988,"href":"https:\/\/agora.xtec.cat\/ceiprivorubeo\/wp-json\/wp\/v2\/posts\/3987\/revisions\/3988"}],"wp:attachment":[{"href":"https:\/\/agora.xtec.cat\/ceiprivorubeo\/wp-json\/wp\/v2\/media?parent=3987"}],"wp:term":[{"taxonomy":"category","embeddable":true,"href":"https:\/\/agora.xtec.cat\/ceiprivorubeo\/wp-json\/wp\/v2\/categories?post=3987"},{"taxonomy":"post_tag","embeddable":true,"href":"https:\/\/agora.xtec.cat\/ceiprivorubeo\/wp-json\/wp\/v2\/tags?post=3987"}],"curies":[{"name":"wp","href":"https:\/\/api.w.org\/{rel}","templated":true}]}}