{"id":3943,"date":"2024-04-18T10:00:17","date_gmt":"2024-04-18T08:00:17","guid":{"rendered":"https:\/\/agora.xtec.cat\/ceiprivorubeo\/?p=3943"},"modified":"2024-04-18T10:00:17","modified_gmt":"2024-04-18T08:00:17","slug":"vine-a-la-biblioteca","status":"publish","type":"post","link":"https:\/\/agora.xtec.cat\/ceiprivorubeo\/general\/biblioteca\/vine-a-la-biblioteca\/","title":{"rendered":"Vine a la biblioteca!"},"content":{"rendered":"<div>Hola, fam\u00edlies!<\/div>\n<div><\/div>\n<div>A la biblioteca de l&#8217;escola tamb\u00e9 ha arribat la\u00a0<span style=\"color: #6aa84f;\"><b>primavera<\/b><\/span>, i estem a punt per celebrar\u00a0<span style=\"color: #cc0000;\"><b>la diada de Sant Jordi<\/b><\/span>: aventures i llegendes amb el drac com protagonista us estan esperant!<\/div>\n<div>Veniu a gaudir dels llibres en fam\u00edlia Ja sabeu que\u00a0<b>la biblioteca est\u00e0 oberta tots\u00a0<\/b><b>els dimecres de les 16:30h\u00a0 fins a les 17:30\u202fh<\/b>.<\/div>\n<div>Tamb\u00e9 podeu fer \u00fas del servei de pr\u00e9stec per emportar-vos els vostres contes preferits a casa.<\/div>\n<div><\/div>\n<div><\/div>\n<div style=\"text-align: center;\"><\/div>\n<div>Bones lectures! I bona diada!<img decoding=\"async\" class=\"an1 aligncenter\" draggable=\"false\" src=\"https:\/\/fonts.gstatic.com\/s\/e\/notoemoji\/15.0\/1f339\/72.png\" alt=\"\ud83c\udf39\" data-emoji=\"\ud83c\udf39\" aria-label=\"\ud83c\udf39\" \/><img decoding=\"async\" class=\"an1 aligncenter\" draggable=\"false\" src=\"https:\/\/fonts.gstatic.com\/s\/e\/notoemoji\/15.0\/1f4da\/72.png\" alt=\"\ud83d\udcda\" data-emoji=\"\ud83d\udcda\" aria-label=\"\ud83d\udcda\" \/><\/div>\n<div><a href=\"https:\/\/agora.xtec.cat\/ceiprivorubeo\/wp-content\/uploads\/usu2655\/2024\/04\/1713368158915-4.jpg\"><img loading=\"lazy\" decoding=\"async\" class=\" wp-image-3945 aligncenter\" src=\"https:\/\/agora.xtec.cat\/ceiprivorubeo\/wp-content\/uploads\/usu2655\/2024\/04\/1713368158915-4-300x169.jpg\" alt=\"\" width=\"476\" height=\"268\" srcset=\"https:\/\/agora.xtec.cat\/ceiprivorubeo\/wp-content\/uploads\/usu2655\/2024\/04\/1713368158915-4-300x169.jpg 300w, https:\/\/agora.xtec.cat\/ceiprivorubeo\/wp-content\/uploads\/usu2655\/2024\/04\/1713368158915-4-1024x577.jpg 1024w, https:\/\/agora.xtec.cat\/ceiprivorubeo\/wp-content\/uploads\/usu2655\/2024\/04\/1713368158915-4-768x433.jpg 768w, https:\/\/agora.xtec.cat\/ceiprivorubeo\/wp-content\/uploads\/usu2655\/2024\/04\/1713368158915-4-1536x865.jpg 1536w, https:\/\/agora.xtec.cat\/ceiprivorubeo\/wp-content\/uploads\/usu2655\/2024\/04\/1713368158915-4.jpg 1999w\" sizes=\"auto, (max-width: 476px) 100vw, 476px\" \/><\/a><\/div>\n","protected":false},"excerpt":{"rendered":"<p>Hola, fam\u00edlies!<\/p>\n<p>A la biblioteca de l&#8217;escola tamb\u00e9 ha arribat la\u00a0primavera, i estem a punt per celebrar\u00a0la diada de Sant Jordi: aventures i llegendes amb el drac com protagonista us estan esperant!<br \/>\nVeniu a gaudir dels llibres en fam\u00edlia Ja sabeu que\u00a0la biblioteca est\u00e0 oberta tots\u00a0els dimecres&hellip;  <a href=\"https:\/\/agora.xtec.cat\/ceiprivorubeo\/general\/biblioteca\/vine-a-la-biblioteca\/\" title=\"Read Vine a la biblioteca!\">Llegeix m\u00e9s\u00bb<\/a><\/p>\n","protected":false},"author":1,"featured_media":0,"comment_status":"open","ping_status":"closed","sticky":false,"template":"","format":"standard","meta":{"_bbp_topic_count":0,"_bbp_reply_count":0,"_bbp_total_topic_count":0,"_bbp_total_reply_count":0,"_bbp_voice_count":0,"_bbp_anonymous_reply_count":0,"_bbp_topic_count_hidden":0,"_bbp_reply_count_hidden":0,"_bbp_forum_subforum_count":0,"footnotes":""},"categories":[91],"tags":[],"class_list":["post-3943","post","type-post","status-publish","format-standard","hentry","category-biblioteca"],"post_mailing_queue_ids":[],"_links":{"self":[{"href":"https:\/\/agora.xtec.cat\/ceiprivorubeo\/wp-json\/wp\/v2\/posts\/3943","targetHints":{"allow":["GET"]}}],"collection":[{"href":"https:\/\/agora.xtec.cat\/ceiprivorubeo\/wp-json\/wp\/v2\/posts"}],"about":[{"href":"https:\/\/agora.xtec.cat\/ceiprivorubeo\/wp-json\/wp\/v2\/types\/post"}],"author":[{"embeddable":true,"href":"https:\/\/agora.xtec.cat\/ceiprivorubeo\/wp-json\/wp\/v2\/users\/1"}],"replies":[{"embeddable":true,"href":"https:\/\/agora.xtec.cat\/ceiprivorubeo\/wp-json\/wp\/v2\/comments?post=3943"}],"version-history":[{"count":1,"href":"https:\/\/agora.xtec.cat\/ceiprivorubeo\/wp-json\/wp\/v2\/posts\/3943\/revisions"}],"predecessor-version":[{"id":3946,"href":"https:\/\/agora.xtec.cat\/ceiprivorubeo\/wp-json\/wp\/v2\/posts\/3943\/revisions\/3946"}],"wp:attachment":[{"href":"https:\/\/agora.xtec.cat\/ceiprivorubeo\/wp-json\/wp\/v2\/media?parent=3943"}],"wp:term":[{"taxonomy":"category","embeddable":true,"href":"https:\/\/agora.xtec.cat\/ceiprivorubeo\/wp-json\/wp\/v2\/categories?post=3943"},{"taxonomy":"post_tag","embeddable":true,"href":"https:\/\/agora.xtec.cat\/ceiprivorubeo\/wp-json\/wp\/v2\/tags?post=3943"}],"curies":[{"name":"wp","href":"https:\/\/api.w.org\/{rel}","templated":true}]}}