{"id":3931,"date":"2024-04-12T15:16:21","date_gmt":"2024-04-12T13:16:21","guid":{"rendered":"https:\/\/agora.xtec.cat\/ceiprivorubeo\/?p=3931"},"modified":"2024-04-19T17:25:49","modified_gmt":"2024-04-19T15:25:49","slug":"organitzacio-sant-jordi","status":"publish","type":"post","link":"https:\/\/agora.xtec.cat\/ceiprivorubeo\/portada\/organitzacio-sant-jordi\/","title":{"rendered":"Organitzaci\u00f3 Sant Jordi"},"content":{"rendered":"<p>El pr\u00f2xim 23 d\u2019abril celebrarem Sant Jordi a l\u2019escola.<\/p>\n<p>Durant el dia es desenvoluparan diferents activitats per a tots els cicles.<\/p>\n<ul>\n<li>Les mestres de Petits i Mitjans representaran la llegenda de Sant Jordi al seu alumnat. Una representaci\u00f3 immersiva i plena de sorpreses!<\/li>\n<li>Les classes de 5\u00e8 han preparat el tradicional Recital Po\u00e8tic. L\u2019alumnat recitar\u00e0 poemes per les classes de 1r a 4t aix\u00ed com als seus fillols i filloles d&#8217;I5.<\/li>\n<li>Les classes de 6\u00e8 muntaran paradetes en les quals vendran llibres de segona m\u00e0 i artesania creada per l\u2019alumnat.<\/li>\n<li>L\u2019alumnat de 2n a 6\u00e8 podr\u00e0 adquirir material de forma aut\u00f2noma.\u00a0<strong>Rebreu un correu de la vostra tutora indicant l\u2019import m\u00e0xim que pot portar l\u2019infant.\u00a0<\/strong>Recordem, aix\u00f2 s\u00ed, que no \u00e9s obligatori i que cada fam\u00edlia pot pactar amb el seu fill\/a un altre import sempre que no superi el recomanat.<\/li>\n<\/ul>\n<p><strong>IMPORTANT!!! Aquell dia podeu recollir el vostre infant a partir de les 16h a la seva aula<\/strong> per tenir temps de fruir i voltar per les paradetes que es posaran tant al pati de petits com a la pista. <strong>Les paradetes estaran fins les 17h.<\/strong> A partir de les 16:30h, la recollida de l\u2019alumnat que quedi, es far\u00e0 de la forma habitual.<\/p>\n<p>A partir de les 16h, a m\u00e9s de les paradetes de sis\u00e8, les fam\u00edlies vendran roses de llaminadura i berenar. Tamb\u00e9 es vendran els darrers n\u00fameros i es far\u00e0 el sorteig de la rifa de Sant Jordi.<\/p>\n<p>Les activitats d&#8217;extraescolars es realitzaran de forma habitual.<\/p>\n","protected":false},"excerpt":{"rendered":"<p>El pr\u00f2xim 23 d\u2019abril celebrarem Sant Jordi a l\u2019escola.<br \/>\nDurant el dia es desenvoluparan diferents activitats per a tots els cicles.<\/p>\n<ul>\n<li>Les mestres de Petits i Mitjans representaran la llegenda de Sant Jordi al seu alumnat. Una representaci\u00f3 immersiva i plena de sorpreses!<\/li>\n<li>Les classes de 5\u00e8 han&hellip;  <a href=\"https:\/\/agora.xtec.cat\/ceiprivorubeo\/portada\/organitzacio-sant-jordi\/\" title=\"Read Organitzaci\u00f3 Sant Jordi\">Llegeix m\u00e9s\u00bb<\/a><br \/>\n","protected":false},"author":1,"featured_media":0,"comment_status":"open","ping_status":"closed","sticky":false,"template":"","format":"standard","meta":{"_bbp_topic_count":0,"_bbp_reply_count":0,"_bbp_total_topic_count":0,"_bbp_total_reply_count":0,"_bbp_voice_count":0,"_bbp_anonymous_reply_count":0,"_bbp_topic_count_hidden":0,"_bbp_reply_count_hidden":0,"_bbp_forum_subforum_count":0,"footnotes":""},"categories":[65,4],"tags":[],"class_list":["post-3931","post","type-post","status-publish","format-standard","hentry","category-butlleti","category-portada"],"post_mailing_queue_ids":[],"_links":{"self":[{"href":"https:\/\/agora.xtec.cat\/ceiprivorubeo\/wp-json\/wp\/v2\/posts\/3931","targetHints":{"allow":["GET"]}}],"collection":[{"href":"https:\/\/agora.xtec.cat\/ceiprivorubeo\/wp-json\/wp\/v2\/posts"}],"about":[{"href":"https:\/\/agora.xtec.cat\/ceiprivorubeo\/wp-json\/wp\/v2\/types\/post"}],"author":[{"embeddable":true,"href":"https:\/\/agora.xtec.cat\/ceiprivorubeo\/wp-json\/wp\/v2\/users\/1"}],"replies":[{"embeddable":true,"href":"https:\/\/agora.xtec.cat\/ceiprivorubeo\/wp-json\/wp\/v2\/comments?post=3931"}],"version-history":[{"count":4,"href":"https:\/\/agora.xtec.cat\/ceiprivorubeo\/wp-json\/wp\/v2\/posts\/3931\/revisions"}],"predecessor-version":[{"id":3967,"href":"https:\/\/agora.xtec.cat\/ceiprivorubeo\/wp-json\/wp\/v2\/posts\/3931\/revisions\/3967"}],"wp:attachment":[{"href":"https:\/\/agora.xtec.cat\/ceiprivorubeo\/wp-json\/wp\/v2\/media?parent=3931"}],"wp:term":[{"taxonomy":"category","embeddable":true,"href":"https:\/\/agora.xtec.cat\/ceiprivorubeo\/wp-json\/wp\/v2\/categories?post=3931"},{"taxonomy":"post_tag","embeddable":true,"href":"https:\/\/agora.xtec.cat\/ceiprivorubeo\/wp-json\/wp\/v2\/tags?post=3931"}],"curies":[{"name":"wp","href":"https:\/\/api.w.org\/{rel}","templated":true}]}}