{"id":3923,"date":"2024-04-12T13:14:08","date_gmt":"2024-04-12T11:14:08","guid":{"rendered":"https:\/\/agora.xtec.cat\/ceiprivorubeo\/?p=3923"},"modified":"2024-04-12T13:14:36","modified_gmt":"2024-04-12T11:14:36","slug":"cooperatives-5e","status":"publish","type":"post","link":"https:\/\/agora.xtec.cat\/ceiprivorubeo\/general\/cooperatives-5e\/","title":{"rendered":"COOPERATIVES 5\u00c8"},"content":{"rendered":"<p><strong>COOPERATINTO 5\u00e8A<\/strong><\/p>\n<p><span style=\"font-weight: 400\">Aquesta cooperativa \u00e9s de la classe de cinqu\u00e8 A de l\u2019escola Rivo Rubeo:<\/span><\/p>\n<ul>\n<li style=\"font-weight: 400\"><span style=\"font-weight: 400\">Vendrem coses.<\/span><\/li>\n<li style=\"font-weight: 400\"><span style=\"font-weight: 400\">Vam comen\u00e7ar fent un prototip.<\/span><\/li>\n<li style=\"font-weight: 400\"><span style=\"font-weight: 400\">Vam escollir un nom per la cooperativa \u201ccooperatinto\u201d.<\/span><\/li>\n<li style=\"font-weight: 400\"><span style=\"font-weight: 400\">Cadasc\u00fa va fer un logo per la cooperativa.<\/span><\/li>\n<li style=\"font-weight: 400\"><span style=\"font-weight: 400\">Vam acordar posar de capital inicial 5 euros i en total vam conseguir 130 euros.<\/span><\/li>\n<li style=\"font-weight: 400\"><span style=\"font-weight: 400\">Vam escollir l\u2019entitat social \u201crodamons\u201d a qui li farem una donaci\u00f3 del 10% dels beneficis.\u00a0<\/span><\/li>\n<\/ul>\n<p><span style=\"font-weight: 400\">Equip de publicitat de cooperatinto:\u00a0 Biel Rosado, Lluc Navio i Gabriela Trivi\u00f1o.<\/span><\/p>\n<p><strong>COOPERAVENTURA 5\u00e8B<\/strong><\/p>\n<p><span style=\"font-weight: 400\">Aquesta cooperativa es va crear el 10 de gener del 2024 i nosaltres som de l&#8217;escola Rivo Rubeo (5\u00e8 b). El logo i el nom de la cooperativa \u00e9s van fer aix\u00ed perqu\u00e8 volem anar a PortAventura i El nom \u00e9s COOPERA AVENTURA! Aquesta cooperativa l&#8217;hem fet pel viatge de fi de curs, el 10% que guanyem ho donarem a la oncolliga Rub\u00ed que es una entitat social del poble. El nostre objectiu \u00e9s donar diners a qui ho necessiti.<\/span><\/p>\n<p><span style=\"font-weight: 400\">Els nostres prototips els fem a m\u00e0. Vendrem els nostres prototips al centre del poble de Rub\u00ed.<\/span><\/p>\n<p><span style=\"font-weight: 400\">Equip de publicitat de cooperaventura:\u00a0 Ian Dionisio, Xavi Moreno, Itziar Valle, Jorge Espinoza i Victor Monteverde.<\/span><\/p>\n<p><span style=\"font-weight: 400\"><a href=\"https:\/\/docs.google.com\/document\/d\/1gVoZj07UEbmLoDan_R3GI9musa1C_kfm2rK8q6vRez0\/edit\">Logos Cooperatives<\/a><\/span><\/p>\n","protected":false},"excerpt":{"rendered":"<p>COOPERATINTO 5\u00e8A<br \/>\nAquesta cooperativa \u00e9s de la classe de cinqu\u00e8 A de l\u2019escola Rivo Rubeo:<\/p>\n<ul>\n<li style=\"font-weight: 400\">Vendrem coses.<\/li>\n<li style=\"font-weight: 400\">Vam comen\u00e7ar fent un prototip.<\/li>\n<li style=\"font-weight: 400\">Vam escollir un nom per la cooperativa \u201ccooperatinto\u201d.<\/li>\n<li style=\"font-weight: 400\">Cadasc\u00fa va fer un logo per la cooperativa.<\/li>\n<li style=\"font-weight: 400\">Vam acordar posar&hellip;  <a href=\"https:\/\/agora.xtec.cat\/ceiprivorubeo\/general\/cooperatives-5e\/\" title=\"Read COOPERATIVES 5\u00c8\">Llegeix m\u00e9s\u00bb<\/a><br \/>\n","protected":false},"author":19,"featured_media":0,"comment_status":"open","ping_status":"closed","sticky":false,"template":"","format":"standard","meta":{"_bbp_topic_count":0,"_bbp_reply_count":0,"_bbp_total_topic_count":0,"_bbp_total_reply_count":0,"_bbp_voice_count":0,"_bbp_anonymous_reply_count":0,"_bbp_topic_count_hidden":0,"_bbp_reply_count_hidden":0,"_bbp_forum_subforum_count":0,"footnotes":""},"categories":[13,1],"tags":[],"class_list":["post-3923","post","type-post","status-publish","format-standard","hentry","category-5e","category-general"],"post_mailing_queue_ids":[],"_links":{"self":[{"href":"https:\/\/agora.xtec.cat\/ceiprivorubeo\/wp-json\/wp\/v2\/posts\/3923","targetHints":{"allow":["GET"]}}],"collection":[{"href":"https:\/\/agora.xtec.cat\/ceiprivorubeo\/wp-json\/wp\/v2\/posts"}],"about":[{"href":"https:\/\/agora.xtec.cat\/ceiprivorubeo\/wp-json\/wp\/v2\/types\/post"}],"author":[{"embeddable":true,"href":"https:\/\/agora.xtec.cat\/ceiprivorubeo\/wp-json\/wp\/v2\/users\/19"}],"replies":[{"embeddable":true,"href":"https:\/\/agora.xtec.cat\/ceiprivorubeo\/wp-json\/wp\/v2\/comments?post=3923"}],"version-history":[{"count":2,"href":"https:\/\/agora.xtec.cat\/ceiprivorubeo\/wp-json\/wp\/v2\/posts\/3923\/revisions"}],"predecessor-version":[{"id":3925,"href":"https:\/\/agora.xtec.cat\/ceiprivorubeo\/wp-json\/wp\/v2\/posts\/3923\/revisions\/3925"}],"wp:attachment":[{"href":"https:\/\/agora.xtec.cat\/ceiprivorubeo\/wp-json\/wp\/v2\/media?parent=3923"}],"wp:term":[{"taxonomy":"category","embeddable":true,"href":"https:\/\/agora.xtec.cat\/ceiprivorubeo\/wp-json\/wp\/v2\/categories?post=3923"},{"taxonomy":"post_tag","embeddable":true,"href":"https:\/\/agora.xtec.cat\/ceiprivorubeo\/wp-json\/wp\/v2\/tags?post=3923"}],"curies":[{"name":"wp","href":"https:\/\/api.w.org\/{rel}","templated":true}]}}