{"id":3912,"date":"2024-04-04T10:15:36","date_gmt":"2024-04-04T08:15:36","guid":{"rendered":"https:\/\/agora.xtec.cat\/ceiprivorubeo\/?p=3912"},"modified":"2024-04-04T10:17:18","modified_gmt":"2024-04-04T08:17:18","slug":"ajudes-pels-casals-destiu","status":"publish","type":"post","link":"https:\/\/agora.xtec.cat\/ceiprivorubeo\/general\/ajudes-pels-casals-destiu\/","title":{"rendered":"Ajudes pels casals d&#8217;estiu"},"content":{"rendered":"<p>\u203c\ufe0fFam\u00edlies ja est\u00e0 obert el termini per presentar les sol\u00b7licituds per les Ajudes de casals d&#8217;estiu 2024 .<\/p>\n<p>Teniu tota la informaci\u00f3 en el seg\u00fcent enlla\u00e7: <a href=\"https:\/\/agora.xtec.cat\/ceiprivorubeo\/general\/ajudes-pels-casals-destiu\/attachment\/carta-families-ajuts-casals-24\/\" rel=\"attachment wp-att-3913\">Carta families ajuts Casals 24<\/a><\/p>\n<p>Vocalia de Lleure<\/p>\n","protected":false},"excerpt":{"rendered":"<p>\u203c\ufe0fFam\u00edlies ja est\u00e0 obert el termini per presentar les sol\u00b7licituds per les Ajudes de casals d&#8217;estiu 2024 .<br \/>\nTeniu tota la informaci\u00f3 en el seg\u00fcent enlla\u00e7: <a href=\"https:\/\/agora.xtec.cat\/ceiprivorubeo\/general\/ajudes-pels-casals-destiu\/attachment\/carta-families-ajuts-casals-24\/\" rel=\"attachment wp-att-3913\">Carta families ajuts Casals 24<\/a><br \/>\nVocalia de Lleure<\/p>\n","protected":false},"author":4,"featured_media":0,"comment_status":"open","ping_status":"closed","sticky":false,"template":"","format":"standard","meta":{"_bbp_topic_count":0,"_bbp_reply_count":0,"_bbp_total_topic_count":0,"_bbp_total_reply_count":0,"_bbp_voice_count":0,"_bbp_anonymous_reply_count":0,"_bbp_topic_count_hidden":0,"_bbp_reply_count_hidden":0,"_bbp_forum_subforum_count":0,"footnotes":""},"categories":[7,1,4],"tags":[97,108],"class_list":["post-3912","post","type-post","status-publish","format-standard","hentry","category-afa","category-general","category-portada","tag-afa","tag-portada"],"post_mailing_queue_ids":[],"_links":{"self":[{"href":"https:\/\/agora.xtec.cat\/ceiprivorubeo\/wp-json\/wp\/v2\/posts\/3912","targetHints":{"allow":["GET"]}}],"collection":[{"href":"https:\/\/agora.xtec.cat\/ceiprivorubeo\/wp-json\/wp\/v2\/posts"}],"about":[{"href":"https:\/\/agora.xtec.cat\/ceiprivorubeo\/wp-json\/wp\/v2\/types\/post"}],"author":[{"embeddable":true,"href":"https:\/\/agora.xtec.cat\/ceiprivorubeo\/wp-json\/wp\/v2\/users\/4"}],"replies":[{"embeddable":true,"href":"https:\/\/agora.xtec.cat\/ceiprivorubeo\/wp-json\/wp\/v2\/comments?post=3912"}],"version-history":[{"count":3,"href":"https:\/\/agora.xtec.cat\/ceiprivorubeo\/wp-json\/wp\/v2\/posts\/3912\/revisions"}],"predecessor-version":[{"id":3916,"href":"https:\/\/agora.xtec.cat\/ceiprivorubeo\/wp-json\/wp\/v2\/posts\/3912\/revisions\/3916"}],"wp:attachment":[{"href":"https:\/\/agora.xtec.cat\/ceiprivorubeo\/wp-json\/wp\/v2\/media?parent=3912"}],"wp:term":[{"taxonomy":"category","embeddable":true,"href":"https:\/\/agora.xtec.cat\/ceiprivorubeo\/wp-json\/wp\/v2\/categories?post=3912"},{"taxonomy":"post_tag","embeddable":true,"href":"https:\/\/agora.xtec.cat\/ceiprivorubeo\/wp-json\/wp\/v2\/tags?post=3912"}],"curies":[{"name":"wp","href":"https:\/\/api.w.org\/{rel}","templated":true}]}}