{"id":3903,"date":"2024-03-22T17:26:25","date_gmt":"2024-03-22T16:26:25","guid":{"rendered":"https:\/\/agora.xtec.cat\/ceiprivorubeo\/?p=3903"},"modified":"2024-03-22T17:26:39","modified_gmt":"2024-03-22T16:26:39","slug":"primera-caminada-en-familia-del-rivo","status":"publish","type":"post","link":"https:\/\/agora.xtec.cat\/ceiprivorubeo\/general\/primera-caminada-en-familia-del-rivo\/","title":{"rendered":"PRIMERA CAMINADA EN FAM\u00cdLIA DEL RIVO"},"content":{"rendered":"<p>Des de la comissi\u00f3 de Fam\u00edlies i Solid\u00e0ria us convidem a participar en la primera caminada en fam\u00edlia del Rivo.<br \/>\nAquesta primera vegada quedarem a la masia de Can Serra i recorrerem per camins rurals fins a arribar l&#8217;ermita de Sant Mu\u00e7. Els m\u00e9s preparats podran allargar fins a la masia de Can Roig tot fent una ruta circular.<\/p>\n<p>Descobrim Rub\u00ed en fam\u00edlia!<\/p>\n<p><img decoding=\"async\" draggable=\"false\" src=\"https:\/\/fonts.gstatic.com\/s\/e\/notoemoji\/15.0\/1f4c6\/72.png\" alt=\"\ud83d\udcc6\" aria-label=\"\ud83d\udcc6\" data-bit=\"iit\" data-emoji=\"\ud83d\udcc6\" data-cke-saved-src=\"https:\/\/fonts.gstatic.com\/s\/e\/notoemoji\/15.0\/1f4c6\/72.png\" \/>\u00a0Dissabte 13 d&#8217;abril.<br \/>\n<img decoding=\"async\" draggable=\"false\" src=\"https:\/\/fonts.gstatic.com\/s\/e\/notoemoji\/15.0\/23f0\/72.png\" alt=\"\u23f0\" aria-label=\"\u23f0\" data-bit=\"iit\" data-emoji=\"\u23f0\" data-cke-saved-src=\"https:\/\/fonts.gstatic.com\/s\/e\/notoemoji\/15.0\/23f0\/72.png\" \/>\u00a0A les 10:30h.<br \/>\n<img decoding=\"async\" draggable=\"false\" src=\"https:\/\/fonts.gstatic.com\/s\/e\/notoemoji\/15.0\/1f4cd\/72.png\" alt=\"\ud83d\udccd\" aria-label=\"\ud83d\udccd\" data-bit=\"iit\" data-emoji=\"\ud83d\udccd\" data-cke-saved-src=\"https:\/\/fonts.gstatic.com\/s\/e\/notoemoji\/15.0\/1f4cd\/72.png\" \/>A la masia de Can Serra, al pol\u00edgon de la Llana.<\/p>\n<p>Us hi esperem!<\/p>\n<p>*Recordeu que cadasc\u00fa \u00e9s responsable dels seus menors i d&#8217;ell mateix!<\/p>\n<p style=\"text-align: left;\"><a href=\"https:\/\/agora.xtec.cat\/ceiprivorubeo\/wp-content\/uploads\/usu2655\/2024\/03\/CARTELL-1.png\"><img loading=\"lazy\" decoding=\"async\" class=\"wp-image-3905 aligncenter\" src=\"https:\/\/agora.xtec.cat\/ceiprivorubeo\/wp-content\/uploads\/usu2655\/2024\/03\/CARTELL-1-212x300.png\" alt=\"\" width=\"372\" height=\"526\" srcset=\"https:\/\/agora.xtec.cat\/ceiprivorubeo\/wp-content\/uploads\/usu2655\/2024\/03\/CARTELL-1-212x300.png 212w, https:\/\/agora.xtec.cat\/ceiprivorubeo\/wp-content\/uploads\/usu2655\/2024\/03\/CARTELL-1.png 724w\" sizes=\"auto, (max-width: 372px) 100vw, 372px\" \/><\/a><\/p>\n","protected":false},"excerpt":{"rendered":"<p>Des de la comissi\u00f3 de Fam\u00edlies i Solid\u00e0ria us convidem a participar en la primera caminada en fam\u00edlia del Rivo.<br \/>\nAquesta primera vegada quedarem a la masia de Can Serra i recorrerem per camins rurals fins a arribar l&#8217;ermita de Sant Mu\u00e7. Els m\u00e9s preparats podran&hellip;  <a href=\"https:\/\/agora.xtec.cat\/ceiprivorubeo\/general\/primera-caminada-en-familia-del-rivo\/\" title=\"Read PRIMERA CAMINADA EN FAM\u00cdLIA DEL RIVO\">Llegeix m\u00e9s\u00bb<\/a><\/p>\n","protected":false},"author":1,"featured_media":0,"comment_status":"open","ping_status":"closed","sticky":false,"template":"","format":"standard","meta":{"_bbp_topic_count":0,"_bbp_reply_count":0,"_bbp_total_topic_count":0,"_bbp_total_reply_count":0,"_bbp_voice_count":0,"_bbp_anonymous_reply_count":0,"_bbp_topic_count_hidden":0,"_bbp_reply_count_hidden":0,"_bbp_forum_subforum_count":0,"footnotes":""},"categories":[65,1,4],"tags":[],"class_list":["post-3903","post","type-post","status-publish","format-standard","hentry","category-butlleti","category-general","category-portada"],"post_mailing_queue_ids":[],"_links":{"self":[{"href":"https:\/\/agora.xtec.cat\/ceiprivorubeo\/wp-json\/wp\/v2\/posts\/3903","targetHints":{"allow":["GET"]}}],"collection":[{"href":"https:\/\/agora.xtec.cat\/ceiprivorubeo\/wp-json\/wp\/v2\/posts"}],"about":[{"href":"https:\/\/agora.xtec.cat\/ceiprivorubeo\/wp-json\/wp\/v2\/types\/post"}],"author":[{"embeddable":true,"href":"https:\/\/agora.xtec.cat\/ceiprivorubeo\/wp-json\/wp\/v2\/users\/1"}],"replies":[{"embeddable":true,"href":"https:\/\/agora.xtec.cat\/ceiprivorubeo\/wp-json\/wp\/v2\/comments?post=3903"}],"version-history":[{"count":1,"href":"https:\/\/agora.xtec.cat\/ceiprivorubeo\/wp-json\/wp\/v2\/posts\/3903\/revisions"}],"predecessor-version":[{"id":3906,"href":"https:\/\/agora.xtec.cat\/ceiprivorubeo\/wp-json\/wp\/v2\/posts\/3903\/revisions\/3906"}],"wp:attachment":[{"href":"https:\/\/agora.xtec.cat\/ceiprivorubeo\/wp-json\/wp\/v2\/media?parent=3903"}],"wp:term":[{"taxonomy":"category","embeddable":true,"href":"https:\/\/agora.xtec.cat\/ceiprivorubeo\/wp-json\/wp\/v2\/categories?post=3903"},{"taxonomy":"post_tag","embeddable":true,"href":"https:\/\/agora.xtec.cat\/ceiprivorubeo\/wp-json\/wp\/v2\/tags?post=3903"}],"curies":[{"name":"wp","href":"https:\/\/api.w.org\/{rel}","templated":true}]}}