{"id":3901,"date":"2024-03-22T17:14:09","date_gmt":"2024-03-22T16:14:09","guid":{"rendered":"https:\/\/agora.xtec.cat\/ceiprivorubeo\/?p=3901"},"modified":"2024-03-22T17:14:09","modified_gmt":"2024-03-22T16:14:09","slug":"bones-vacances-3","status":"publish","type":"post","link":"https:\/\/agora.xtec.cat\/ceiprivorubeo\/portada\/bones-vacances-3\/","title":{"rendered":"Bones vacances"},"content":{"rendered":"<p>Benvolgudes fam\u00edlies,<\/p>\n<p>Acaba el trimestre i ara toca gaudir d&#8217;un petit temps de descans.<\/p>\n<p>Esperem que pugueu gaudir d&#8217;aquesta primavera que ja fa dies que ha tret el cap i tornem al 3r trimestre carregats i carregades d&#8217;energia per acabar aquest curs.<\/p>\n<p>Ens esperen moltes activitats obertes a fam\u00edlies. La Clika a 2n, la Cantata de 4t, la Cant\u00e0nia a 5\u00e8 en s\u00f3n alguns exemples.<\/p>\n<p>El <strong>23 d&#8217;abril celebrarem Sant Jordi a l&#8217;escola<\/strong>. Us informarem de les activitats que farem de forma interna.<\/p>\n<p>A m\u00e9s, cal comptar que el<strong> 29\u00a0 d&#8217;abril tindr\u00e0 lloc la mostra de danses de les classes de 1r a 4t.<\/strong> Encara no sabem l&#8217;horari, per\u00f2 ja us avancem que us heu de reservar el mat\u00ed per poder veure els vostres infants ballar.<\/p>\n<p>En tornar de vacances, tamb\u00e9 us avan\u00e7arem les dates de:<\/p>\n<ul>\n<li>La mostra de danses d&#8217;infantil, que es far\u00e0 a l&#8217;escola.<\/li>\n<li>Les aules obertes+assemblees de prim\u00e0ria, al mes de maig. Un dia en el qual us convidem a con\u00e8ixer de prop algun aspecte treballat durant el curs i reflexionar-hi amb les vostres tutores.<\/li>\n<\/ul>\n<p>Ens queda desitjar-vos unes bones vacances!<\/p>\n<p>Ens retrobem el 2 d&#8217;abril!<\/p>\n","protected":false},"excerpt":{"rendered":"<p>Benvolgudes fam\u00edlies,<br \/>\nAcaba el trimestre i ara toca gaudir d&#8217;un petit temps de descans.<br \/>\nEsperem que pugueu gaudir d&#8217;aquesta primavera que ja fa dies que ha tret el cap i tornem al 3r trimestre carregats i carregades d&#8217;energia per acabar aquest curs.<br \/>\nEns esperen moltes activitats obertes a&hellip;  <a href=\"https:\/\/agora.xtec.cat\/ceiprivorubeo\/portada\/bones-vacances-3\/\" title=\"Read Bones vacances\">Llegeix m\u00e9s\u00bb<\/a><\/p>\n","protected":false},"author":1,"featured_media":0,"comment_status":"open","ping_status":"closed","sticky":false,"template":"","format":"standard","meta":{"_bbp_topic_count":0,"_bbp_reply_count":0,"_bbp_total_topic_count":0,"_bbp_total_reply_count":0,"_bbp_voice_count":0,"_bbp_anonymous_reply_count":0,"_bbp_topic_count_hidden":0,"_bbp_reply_count_hidden":0,"_bbp_forum_subforum_count":0,"footnotes":""},"categories":[4],"tags":[],"class_list":["post-3901","post","type-post","status-publish","format-standard","hentry","category-portada"],"post_mailing_queue_ids":[],"_links":{"self":[{"href":"https:\/\/agora.xtec.cat\/ceiprivorubeo\/wp-json\/wp\/v2\/posts\/3901","targetHints":{"allow":["GET"]}}],"collection":[{"href":"https:\/\/agora.xtec.cat\/ceiprivorubeo\/wp-json\/wp\/v2\/posts"}],"about":[{"href":"https:\/\/agora.xtec.cat\/ceiprivorubeo\/wp-json\/wp\/v2\/types\/post"}],"author":[{"embeddable":true,"href":"https:\/\/agora.xtec.cat\/ceiprivorubeo\/wp-json\/wp\/v2\/users\/1"}],"replies":[{"embeddable":true,"href":"https:\/\/agora.xtec.cat\/ceiprivorubeo\/wp-json\/wp\/v2\/comments?post=3901"}],"version-history":[{"count":1,"href":"https:\/\/agora.xtec.cat\/ceiprivorubeo\/wp-json\/wp\/v2\/posts\/3901\/revisions"}],"predecessor-version":[{"id":3902,"href":"https:\/\/agora.xtec.cat\/ceiprivorubeo\/wp-json\/wp\/v2\/posts\/3901\/revisions\/3902"}],"wp:attachment":[{"href":"https:\/\/agora.xtec.cat\/ceiprivorubeo\/wp-json\/wp\/v2\/media?parent=3901"}],"wp:term":[{"taxonomy":"category","embeddable":true,"href":"https:\/\/agora.xtec.cat\/ceiprivorubeo\/wp-json\/wp\/v2\/categories?post=3901"},{"taxonomy":"post_tag","embeddable":true,"href":"https:\/\/agora.xtec.cat\/ceiprivorubeo\/wp-json\/wp\/v2\/tags?post=3901"}],"curies":[{"name":"wp","href":"https:\/\/api.w.org\/{rel}","templated":true}]}}