{"id":3893,"date":"2024-03-18T15:39:54","date_gmt":"2024-03-18T14:39:54","guid":{"rendered":"https:\/\/agora.xtec.cat\/ceiprivorubeo\/?p=3893"},"modified":"2024-06-20T09:47:49","modified_gmt":"2024-06-20T07:47:49","slug":"racons-de-llengua-3","status":"publish","type":"post","link":"https:\/\/agora.xtec.cat\/ceiprivorubeo\/general\/racons-de-llengua-3\/","title":{"rendered":"Racons de llengua"},"content":{"rendered":"<p>Hola Fam\u00edlies de 1r,<\/p>\n<p>A 1r, quan ens toca el rac\u00f3 de llengua, fem 4 propostes diferents a trav\u00e9s del joc. Una d&#8217;elles, \u00e9s dirigida per l&#8217;adult i les altres tres, es treballa de manera aut\u00f2noma:<\/p>\n<p><strong>Tra\u00e7:<\/strong> practiquem el tra\u00e7 de diferents lletres i n\u00fameros.<\/p>\n<p><strong>Lectoescriptura:<\/strong> fem dictats muts, on a partir d&#8217;una imatge, han d&#8217;escriure la paraula i despr\u00e9s, s&#8217;autocorregeixen. D&#8217;aquesta manera, tamb\u00e9 treballem i aprenem vocabulari.<\/p>\n<p><strong>Comprensi\u00f3 lectora:<\/strong> comprensi\u00f3 de paraules i frases associades a una imatge.<\/p>\n<p><strong>Expressi\u00f3 oral:<\/strong> aquesta proposta dirigida per l&#8217;adult, treballa la construcci\u00f3 de frases, l&#8217;\u00fas correcte del vocabulari, etc.<\/p>\n<p>Cliqueu aqu\u00ed per veure les fotos de les activitats:<\/p>\n<p><a href=\"https:\/\/drive.google.com\/drive\/folders\/14Bt3AI3NqkRrRKsFzeiZCpDw9Sgx2Ybl?usp=sharing\">Fotos 1<\/a><\/p>\n<p><a href=\"https:\/\/drive.google.com\/drive\/folders\/14Bt3AI3NqkRrRKsFzeiZCpDw9Sgx2Ybl?usp=sharing\">Fotos 2<\/a><\/p>\n<p>&nbsp;<\/p>\n<p>&nbsp;<\/p>\n","protected":false},"excerpt":{"rendered":"<p>Hola Fam\u00edlies de 1r,<br \/>\nA 1r, quan ens toca el rac\u00f3 de llengua, fem 4 propostes diferents a trav\u00e9s del joc. Una d&#8217;elles, \u00e9s dirigida per l&#8217;adult i les altres tres, es treballa de manera aut\u00f2noma:<br \/>\nTra\u00e7: practiquem el tra\u00e7 de diferents lletres i n\u00fameros.<br \/>\nLectoescriptura: fem dictats&hellip;  <a href=\"https:\/\/agora.xtec.cat\/ceiprivorubeo\/general\/racons-de-llengua-3\/\" title=\"Read Racons de llengua\">Llegeix m\u00e9s\u00bb<\/a><\/p>\n","protected":false},"author":12,"featured_media":0,"comment_status":"open","ping_status":"closed","sticky":false,"template":"","format":"standard","meta":{"_bbp_topic_count":0,"_bbp_reply_count":0,"_bbp_total_topic_count":0,"_bbp_total_reply_count":0,"_bbp_voice_count":0,"_bbp_anonymous_reply_count":0,"_bbp_topic_count_hidden":0,"_bbp_reply_count_hidden":0,"_bbp_forum_subforum_count":0,"footnotes":""},"categories":[9,1,69,4],"tags":[],"class_list":["post-3893","post","type-post","status-publish","format-standard","hentry","category-1r","category-general","category-mitjans","category-portada"],"post_mailing_queue_ids":[],"_links":{"self":[{"href":"https:\/\/agora.xtec.cat\/ceiprivorubeo\/wp-json\/wp\/v2\/posts\/3893","targetHints":{"allow":["GET"]}}],"collection":[{"href":"https:\/\/agora.xtec.cat\/ceiprivorubeo\/wp-json\/wp\/v2\/posts"}],"about":[{"href":"https:\/\/agora.xtec.cat\/ceiprivorubeo\/wp-json\/wp\/v2\/types\/post"}],"author":[{"embeddable":true,"href":"https:\/\/agora.xtec.cat\/ceiprivorubeo\/wp-json\/wp\/v2\/users\/12"}],"replies":[{"embeddable":true,"href":"https:\/\/agora.xtec.cat\/ceiprivorubeo\/wp-json\/wp\/v2\/comments?post=3893"}],"version-history":[{"count":2,"href":"https:\/\/agora.xtec.cat\/ceiprivorubeo\/wp-json\/wp\/v2\/posts\/3893\/revisions"}],"predecessor-version":[{"id":4168,"href":"https:\/\/agora.xtec.cat\/ceiprivorubeo\/wp-json\/wp\/v2\/posts\/3893\/revisions\/4168"}],"wp:attachment":[{"href":"https:\/\/agora.xtec.cat\/ceiprivorubeo\/wp-json\/wp\/v2\/media?parent=3893"}],"wp:term":[{"taxonomy":"category","embeddable":true,"href":"https:\/\/agora.xtec.cat\/ceiprivorubeo\/wp-json\/wp\/v2\/categories?post=3893"},{"taxonomy":"post_tag","embeddable":true,"href":"https:\/\/agora.xtec.cat\/ceiprivorubeo\/wp-json\/wp\/v2\/tags?post=3893"}],"curies":[{"name":"wp","href":"https:\/\/api.w.org\/{rel}","templated":true}]}}