{"id":3881,"date":"2024-03-15T18:09:40","date_gmt":"2024-03-15T17:09:40","guid":{"rendered":"https:\/\/agora.xtec.cat\/ceiprivorubeo\/?p=3881"},"modified":"2024-03-15T18:09:40","modified_gmt":"2024-03-15T17:09:40","slug":"21-de-marc-el-dia-mundial-de-la-sindrome-de-down","status":"publish","type":"post","link":"https:\/\/agora.xtec.cat\/ceiprivorubeo\/portada\/21-de-marc-el-dia-mundial-de-la-sindrome-de-down\/","title":{"rendered":"21 de mar\u00e7 el Dia Mundial de la s\u00edndrome de Down"},"content":{"rendered":"<p>El 2011, l&#8217;Assemblea General de les Nacions Unides va designar el\u00a0<strong><u>21 de mar\u00e7 el Dia Mundial de la s\u00edndrome de Down\u00a0<\/u><\/strong>amb la finalitat de generar\u00a0una major\u00a0consci\u00e8ncia p\u00fablica sobre la v\u00e0lua de les persones amb discapacitat intel\u00b7lectual,\u00a0remarcant\u00a0la import\u00e0ncia de la seva autonomia i independ\u00e8ncia per a prendre decisions.<\/p>\n<p>&nbsp;<\/p>\n<p><strong><u>Alguns apunts sobre la S\u00edndrome de Down:<\/u><\/strong><\/p>\n<p>La\u00a0<strong>s\u00edndrome de Down<\/strong>\u00a0\u00e9s una alteraci\u00f3 gen\u00e8tica causada per l\u2019exist\u00e8ncia de material gen\u00e8tic extra en el cromosoma 21 que es tradueix en discapacitat intel\u00b7lectual.<\/p>\n<p style=\"font-weight: 400;\">La incid\u00e8ncia estimada de la\u00a0<strong>s\u00edndrome de Down<\/strong>\u00a0en l&#8217;\u00e0mbit mundial se situa entre 1 de cada 1.000 naixements.<\/p>\n<p style=\"font-weight: 400;\">Les persones que la pateixen habitualment mostren problemes de salut associats, per\u00f2 amb els aven\u00e7os m\u00e8dics actualment el 80% dels adults arriben a superar els 50 anys.<\/p>\n<p>&nbsp;<\/p>\n<p><strong><u>Acabem amb els estereotips!<\/u><\/strong><\/p>\n<p>Un estereotip \u00e9s una idea preconcebuda que es t\u00e9 sobre com \u00e9s alg\u00fa. Aquests poden ser negatius, neutrals o positius. Habitualment, s\u00f3n erronis o imprecisos i poden<\/p>\n<p>originar conductes excloents o que els infravalorin.<\/p>\n<p><strong><u>Al Rivo som escola inclusiva<\/u><\/strong><strong>\u00a0i cada dia lluitem contra els estereotips tot afavorim el respecte entre el nostre alumnat.<\/strong><\/p>\n<p>Una ocasi\u00f3 important \u00e9s la celebraci\u00f3 d\u2019aquest dia. I com ho podem fer?<\/p>\n<p>&nbsp;<\/p>\n<p style=\"font-weight: 400;\">Us proposem que aquell dia\u00a0<strong><u>tots i totes portem mitjons, per\u00f2 no qualsevol, si no<\/u><\/strong><\/p>\n<p style=\"font-weight: 400;\"><strong><u>mitjons de coloraines, llargs, curts, estampats, divertits\u2026, i un de diferent a cada peu.<\/u><\/strong><\/p>\n<p>&nbsp;<\/p>\n<p>Tots som diferents amb meravelloses difer\u00e8ncies!<\/p>\n<p>&nbsp;<\/p>\n<p style=\"font-weight: 400;\"><strong><u>Si voleu saber m\u00e9s sobre la s\u00edndrome de Down&#8230;<\/u><\/strong><\/p>\n<p style=\"font-weight: 400;\">\n<p style=\"font-weight: 400;\">Visionament dels seg\u00fcents v\u00eddeos: (Moooolt\u00a0recomanables, preciosos i emotius!)<\/p>\n<ul>\n<li><a href=\"https:\/\/www.youtube.com\/watch?v=xYvJReaodEE\" data-saferedirecturl=\"https:\/\/www.google.com\/url?q=https:\/\/www.youtube.com\/watch?v%3DxYvJReaodEE&amp;source=gmail&amp;ust=1710574421220000&amp;usg=AOvVaw3eg3fQLWMNLJPZxtK0-ueG\">50 mares cantant amb els seus fills amb la s\u00edndrome de down<\/a><\/li>\n<li><a href=\"https:\/\/www.youtube.com\/watch?v=72Ql3EctJnc\" data-saferedirecturl=\"https:\/\/www.google.com\/url?q=https:\/\/www.youtube.com\/watch?v%3D72Ql3EctJnc&amp;source=gmail&amp;ust=1710574421220000&amp;usg=AOvVaw11EVKpT5XVb6Zmbm2HCeos\">Lipdub de la fundaci\u00f3 Down<\/a><\/li>\n<li><a href=\"https:\/\/www.google.com\/search?q=campa%C3%B1a+down+para+ni%C3%B1os&amp;sca_esv=7fb4d62672696752&amp;ei=XzvqZeuMCZKG7NYPxdmx-Ak&amp;udm=&amp;ved=0ahUKEwiruMLDleOEAxUSA9sEHcVsDJ8Q4dUDCBA&amp;uact=5&amp;oq=campa%C3%B1a+down+para+ni%C3%B1os&amp;gs_lp=Egxnd3Mtd2l6LXNlcnAiGWNhbXBhw7FhIGRvd24gcGFyYSBuacOxb3MyBRAhGJ8FSPIfUL0GWO4bcAF4AZABAJgBrgGgAZULqgEEMC4xMbgBA8gBAPgBAZgCDKACywvCAgoQABhHGNYEGLADwgIGEAAYFhgewgIIEAAYFhgeGArCAggQABgWGB4YD8ICBRAhGKABwgIEECEYFcICBxAhGAoYoAGYAwCIBgGQBgKSBwQxLjExoAeFIQ&amp;sclient=gws-wiz-serp#fpstate=ive&amp;vld=cid:9aec7932,vid:9VguVLLP_4c,st:0\" data-saferedirecturl=\"https:\/\/www.google.com\/url?q=https:\/\/www.google.com\/search?q%3Dcampa%25C3%25B1a%2Bdown%2Bpara%2Bni%25C3%25B1os%26sca_esv%3D7fb4d62672696752%26ei%3DXzvqZeuMCZKG7NYPxdmx-Ak%26udm%3D%26ved%3D0ahUKEwiruMLDleOEAxUSA9sEHcVsDJ8Q4dUDCBA%26uact%3D5%26oq%3Dcampa%25C3%25B1a%2Bdown%2Bpara%2Bni%25C3%25B1os%26gs_lp%3DEgxnd3Mtd2l6LXNlcnAiGWNhbXBhw7FhIGRvd24gcGFyYSBuacOxb3MyBRAhGJ8FSPIfUL0GWO4bcAF4AZABAJgBrgGgAZULqgEEMC4xMbgBA8gBAPgBAZgCDKACywvCAgoQABhHGNYEGLADwgIGEAAYFhgewgIIEAAYFhgeGArCAggQABgWGB4YD8ICBRAhGKABwgIEECEYFcICBxAhGAoYoAGYAwCIBgGQBgKSBwQxLjExoAeFIQ%26sclient%3Dgws-wiz-serp%23fpstate%3Dive%26vld%3Dcid:9aec7932,vid:9VguVLLP_4c,st:0&amp;source=gmail&amp;ust=1710574421220000&amp;usg=AOvVaw2pNUsZ5Q1963lcp1jJuy5s\">Campanya &#8220;La suerte de tenerte&#8221;<\/a><\/li>\n<li><a href=\"https:\/\/www.youtube.com\/watch?v=KbL_qHkJqKw\" data-saferedirecturl=\"https:\/\/www.google.com\/url?q=https:\/\/www.youtube.com\/watch?v%3DKbL_qHkJqKw&amp;source=gmail&amp;ust=1710574421220000&amp;usg=AOvVaw0cy4EDW2CgMZmYxdMpLt-m\">Campanya #Stopexpertos en Bullying<\/a><\/li>\n<li><a href=\"https:\/\/youtu.be\/LwiJCewbTK8\" data-saferedirecturl=\"https:\/\/www.google.com\/url?q=https:\/\/youtu.be\/LwiJCewbTK8&amp;source=gmail&amp;ust=1710574421220000&amp;usg=AOvVaw1b3CDoSZ_a5FebToiVKGCI\">Pablo Pineda: \u00abPuedo hacerlo\u00bb<\/a><\/li>\n<\/ul>\n<p>&nbsp;<\/p>\n<p>Lectura dels documents:<\/p>\n<ul>\n<li><a href=\"https:\/\/canalsalut.gencat.cat\/ca\/salut-a-z\/s\/sindrome-down\/\" data-saferedirecturl=\"https:\/\/www.google.com\/url?q=https:\/\/canalsalut.gencat.cat\/ca\/salut-a-z\/s\/sindrome-down\/&amp;source=gmail&amp;ust=1710574421220000&amp;usg=AOvVaw2Ybaud-n6MXxA2zmuAp4Yf\">La s\u00edndrome de Down<\/a><\/li>\n<li><a href=\"https:\/\/drive.google.com\/file\/d\/12bGlB25lgo8xMB6rNEKLH57oPVmUgmLk\/view?usp=sharing\" data-saferedirecturl=\"https:\/\/www.google.com\/url?q=https:\/\/drive.google.com\/file\/d\/12bGlB25lgo8xMB6rNEKLH57oPVmUgmLk\/view?usp%3Dsharing&amp;source=gmail&amp;ust=1710574421220000&amp;usg=AOvVaw3LQZZVR_W-N5zrZkL5g43g\">Convenci\u00f3n sobre los derechos de las personas<\/a><\/li>\n<li><a href=\"https:\/\/drive.google.com\/file\/d\/11Autowu5gpQO3YXLbGsULj0iIr1adTUI\/view?usp=sharing\" data-saferedirecturl=\"https:\/\/www.google.com\/url?q=https:\/\/drive.google.com\/file\/d\/11Autowu5gpQO3YXLbGsULj0iIr1adTUI\/view?usp%3Dsharing&amp;source=gmail&amp;ust=1710574421221000&amp;usg=AOvVaw2c0LOTB19keXCH7fit9fYl\">La protecci\u00f3n de los enfermos mentales y el mejoramiento de la atenci\u00f3n de la salud mental<\/a><\/li>\n<li><a href=\"https:\/\/drive.google.com\/file\/d\/1WS5KZH4_5aeA7p1XO4LCtPsPk5nR1S4n\/view?usp=sharing\" data-saferedirecturl=\"https:\/\/www.google.com\/url?q=https:\/\/drive.google.com\/file\/d\/1WS5KZH4_5aeA7p1XO4LCtPsPk5nR1S4n\/view?usp%3Dsharing&amp;source=gmail&amp;ust=1710574421221000&amp;usg=AOvVaw3aFyLicSmU6UXxBLZTIi2A\">Promoci\u00f3n y protecci\u00f3n de los derechos humanos<\/a><\/li>\n<li><a href=\"https:\/\/drive.google.com\/file\/d\/1aKXSyfXqsUO3qZAqfd-ZkWUDo52f_bGs\/view?usp=sharing\" data-saferedirecturl=\"https:\/\/www.google.com\/url?q=https:\/\/drive.google.com\/file\/d\/1aKXSyfXqsUO3qZAqfd-ZkWUDo52f_bGs\/view?usp%3Dsharing&amp;source=gmail&amp;ust=1710574421221000&amp;usg=AOvVaw0rgQkv31oeQDX3UvkN0-Zj\">Resoluci\u00f3n del D\u00eda Mundial del S\u00edndrome de Down<\/a><\/li>\n<\/ul>\n","protected":false},"excerpt":{"rendered":"<p>El 2011, l&#8217;Assemblea General de les Nacions Unides va designar el\u00a021 de mar\u00e7 el Dia Mundial de la s\u00edndrome de Down\u00a0amb la finalitat de generar\u00a0una major\u00a0consci\u00e8ncia p\u00fablica sobre la v\u00e0lua de les persones amb discapacitat intel\u00b7lectual,\u00a0remarcant\u00a0la import\u00e0ncia de la seva autonomia i independ\u00e8ncia per a&hellip;  <a href=\"https:\/\/agora.xtec.cat\/ceiprivorubeo\/portada\/21-de-marc-el-dia-mundial-de-la-sindrome-de-down\/\" title=\"Read 21 de mar\u00e7 el Dia Mundial de la s\u00edndrome de Down\">Llegeix m\u00e9s\u00bb<\/a><\/p>\n","protected":false},"author":1,"featured_media":0,"comment_status":"open","ping_status":"closed","sticky":false,"template":"","format":"standard","meta":{"_bbp_topic_count":0,"_bbp_reply_count":0,"_bbp_total_topic_count":0,"_bbp_total_reply_count":0,"_bbp_voice_count":0,"_bbp_anonymous_reply_count":0,"_bbp_topic_count_hidden":0,"_bbp_reply_count_hidden":0,"_bbp_forum_subforum_count":0,"footnotes":""},"categories":[65,78,4],"tags":[],"class_list":["post-3881","post","type-post","status-publish","format-standard","hentry","category-butlleti","category-butlletins-publicats","category-portada"],"post_mailing_queue_ids":[],"_links":{"self":[{"href":"https:\/\/agora.xtec.cat\/ceiprivorubeo\/wp-json\/wp\/v2\/posts\/3881","targetHints":{"allow":["GET"]}}],"collection":[{"href":"https:\/\/agora.xtec.cat\/ceiprivorubeo\/wp-json\/wp\/v2\/posts"}],"about":[{"href":"https:\/\/agora.xtec.cat\/ceiprivorubeo\/wp-json\/wp\/v2\/types\/post"}],"author":[{"embeddable":true,"href":"https:\/\/agora.xtec.cat\/ceiprivorubeo\/wp-json\/wp\/v2\/users\/1"}],"replies":[{"embeddable":true,"href":"https:\/\/agora.xtec.cat\/ceiprivorubeo\/wp-json\/wp\/v2\/comments?post=3881"}],"version-history":[{"count":1,"href":"https:\/\/agora.xtec.cat\/ceiprivorubeo\/wp-json\/wp\/v2\/posts\/3881\/revisions"}],"predecessor-version":[{"id":3882,"href":"https:\/\/agora.xtec.cat\/ceiprivorubeo\/wp-json\/wp\/v2\/posts\/3881\/revisions\/3882"}],"wp:attachment":[{"href":"https:\/\/agora.xtec.cat\/ceiprivorubeo\/wp-json\/wp\/v2\/media?parent=3881"}],"wp:term":[{"taxonomy":"category","embeddable":true,"href":"https:\/\/agora.xtec.cat\/ceiprivorubeo\/wp-json\/wp\/v2\/categories?post=3881"},{"taxonomy":"post_tag","embeddable":true,"href":"https:\/\/agora.xtec.cat\/ceiprivorubeo\/wp-json\/wp\/v2\/tags?post=3881"}],"curies":[{"name":"wp","href":"https:\/\/api.w.org\/{rel}","templated":true}]}}