{"id":3864,"date":"2024-03-12T16:08:02","date_gmt":"2024-03-12T15:08:02","guid":{"rendered":"https:\/\/agora.xtec.cat\/ceiprivorubeo\/?p=3864"},"modified":"2024-04-05T18:20:45","modified_gmt":"2024-04-05T16:20:45","slug":"una-setmana-mes-a-rivo-radio","status":"publish","type":"post","link":"https:\/\/agora.xtec.cat\/ceiprivorubeo\/general\/una-setmana-mes-a-rivo-radio\/","title":{"rendered":"Una setmana m\u00e9s a Rivo r\u00e0dio!"},"content":{"rendered":"<p><a href=\"https:\/\/agora.xtec.cat\/ceiprivorubeo\/wp-content\/uploads\/usu2655\/2024\/03\/Captura-de-pantalla-2024-03-13-182103.png\"><img loading=\"lazy\" decoding=\"async\" class=\"alignnone wp-image-3869 size-large\" src=\"https:\/\/agora.xtec.cat\/ceiprivorubeo\/wp-content\/uploads\/usu2655\/2024\/03\/Captura-de-pantalla-2024-03-13-182103-e1710350906519-1024x217.png\" alt=\"\" width=\"1024\" height=\"217\" srcset=\"https:\/\/agora.xtec.cat\/ceiprivorubeo\/wp-content\/uploads\/usu2655\/2024\/03\/Captura-de-pantalla-2024-03-13-182103-e1710350906519-1024x217.png 1024w, https:\/\/agora.xtec.cat\/ceiprivorubeo\/wp-content\/uploads\/usu2655\/2024\/03\/Captura-de-pantalla-2024-03-13-182103-e1710350906519-300x64.png 300w, https:\/\/agora.xtec.cat\/ceiprivorubeo\/wp-content\/uploads\/usu2655\/2024\/03\/Captura-de-pantalla-2024-03-13-182103-e1710350906519-768x163.png 768w, https:\/\/agora.xtec.cat\/ceiprivorubeo\/wp-content\/uploads\/usu2655\/2024\/03\/Captura-de-pantalla-2024-03-13-182103-e1710350906519.png 1096w\" sizes=\"auto, (max-width: 1024px) 100vw, 1024px\" \/><\/a><\/p>\n<p>Benvolgudes fam\u00edlies,<\/p>\n<p>Ens trobem una setmana m\u00e9s a Rivo r\u00e0dio, per seguir presentant-vos nous p\u00f2dcasts relacionats amb el 8M, amb els quals descobrireu noves opinions i perspectives relacionades amb les tem\u00e0tiques que us hem anat presentant.<\/p>\n<p>Esperem que us estiguin agradant!<\/p>\n<p>&nbsp;<\/p>\n<p><span style=\"color: #800080\"><strong>P\u00d2DCAST 5: LES DONES REFERENTS AL RIVO<\/strong><\/span><\/p>\n<!--[if lt IE 9]><script>document.createElement('audio');<\/script><![endif]-->\n<audio class=\"wp-audio-shortcode\" id=\"audio-3864-1\" preload=\"none\" style=\"width: 100%;\" controls=\"controls\"><source type=\"audio\/mpeg\" src=\"https:\/\/agora.xtec.cat\/ceiprivorubeo\/wp-content\/uploads\/usu2655\/2024\/03\/5-PODCAST.-6B-Les-dones-referents-al-Rivo.mp3?_=1\" \/><a href=\"https:\/\/agora.xtec.cat\/ceiprivorubeo\/wp-content\/uploads\/usu2655\/2024\/03\/5-PODCAST.-6B-Les-dones-referents-al-Rivo.mp3\">https:\/\/agora.xtec.cat\/ceiprivorubeo\/wp-content\/uploads\/usu2655\/2024\/03\/5-PODCAST.-6B-Les-dones-referents-al-Rivo.mp3<\/a><\/audio>\n<p>&nbsp;<\/p>\n<p><span style=\"color: #800080\"><strong>P\u00d2DCAST 6: \u00c9S POSSIBLE CANVIAR PER AMOR?<\/strong><\/span><\/p>\n<audio class=\"wp-audio-shortcode\" id=\"audio-3864-2\" preload=\"none\" style=\"width: 100%;\" controls=\"controls\"><source type=\"audio\/mpeg\" src=\"https:\/\/agora.xtec.cat\/ceiprivorubeo\/wp-content\/uploads\/usu2655\/2024\/03\/6A-Es-possible-canviar-per-amor.mp3?_=2\" \/><a href=\"https:\/\/agora.xtec.cat\/ceiprivorubeo\/wp-content\/uploads\/usu2655\/2024\/03\/6A-Es-possible-canviar-per-amor.mp3\">https:\/\/agora.xtec.cat\/ceiprivorubeo\/wp-content\/uploads\/usu2655\/2024\/03\/6A-Es-possible-canviar-per-amor.mp3<\/a><\/audio>\n<p>&nbsp;<\/p>\n<p><span style=\"color: #800080\"><strong>P\u00d2DCAST 7: LES DONES A LES NOT\u00cdCIES ESPORTIVES<\/strong><\/span><\/p>\n<audio class=\"wp-audio-shortcode\" id=\"audio-3864-3\" preload=\"none\" style=\"width: 100%;\" controls=\"controls\"><source type=\"audio\/mpeg\" src=\"https:\/\/agora.xtec.cat\/ceiprivorubeo\/wp-content\/uploads\/usu2655\/2024\/03\/7-PODCAST-6eA-Les-dones-a-les-noticies-esportives.mp3?_=3\" \/><a href=\"https:\/\/agora.xtec.cat\/ceiprivorubeo\/wp-content\/uploads\/usu2655\/2024\/03\/7-PODCAST-6eA-Les-dones-a-les-noticies-esportives.mp3\">https:\/\/agora.xtec.cat\/ceiprivorubeo\/wp-content\/uploads\/usu2655\/2024\/03\/7-PODCAST-6eA-Les-dones-a-les-noticies-esportives.mp3<\/a><\/audio>\n<p>&nbsp;<\/p>\n<p><span style=\"color: #800080\"><strong>P\u00d2DCAST 8: L&#8217;ORIGEN DEL 8M<\/strong><\/span><\/p>\n<audio class=\"wp-audio-shortcode\" id=\"audio-3864-4\" preload=\"none\" style=\"width: 100%;\" controls=\"controls\"><source type=\"audio\/mpeg\" src=\"https:\/\/agora.xtec.cat\/ceiprivorubeo\/wp-content\/uploads\/usu2655\/2024\/03\/8-PODCAST-Origen-del-8M.mp3?_=4\" \/><a href=\"https:\/\/agora.xtec.cat\/ceiprivorubeo\/wp-content\/uploads\/usu2655\/2024\/03\/8-PODCAST-Origen-del-8M.mp3\">https:\/\/agora.xtec.cat\/ceiprivorubeo\/wp-content\/uploads\/usu2655\/2024\/03\/8-PODCAST-Origen-del-8M.mp3<\/a><\/audio>\n<p>&nbsp;<\/p>\n<p><span style=\"color: #800080\"><strong>P\u00d2DCAST 9: LES NOSTRES REFERENTS<\/strong><\/span><\/p>\n<audio class=\"wp-audio-shortcode\" id=\"audio-3864-5\" preload=\"none\" style=\"width: 100%;\" controls=\"controls\"><source type=\"audio\/mpeg\" src=\"https:\/\/agora.xtec.cat\/ceiprivorubeo\/wp-content\/uploads\/usu2655\/2024\/03\/8-PODCAST-6eA-Les-dones-referents-al-Rivo.mp3?_=5\" \/><a href=\"https:\/\/agora.xtec.cat\/ceiprivorubeo\/wp-content\/uploads\/usu2655\/2024\/03\/8-PODCAST-6eA-Les-dones-referents-al-Rivo.mp3\">https:\/\/agora.xtec.cat\/ceiprivorubeo\/wp-content\/uploads\/usu2655\/2024\/03\/8-PODCAST-6eA-Les-dones-referents-al-Rivo.mp3<\/a><\/audio>\n<p>&nbsp;<\/p>\n<p><span style=\"color: #800080\"><strong>P\u00d2DCAST 10: CONTES DESEXPLICATS &#8220;LA CABRETA I ELS SET LLOPS&#8221;<\/strong><\/span><\/p>\n<audio class=\"wp-audio-shortcode\" id=\"audio-3864-6\" preload=\"none\" style=\"width: 100%;\" controls=\"controls\"><source type=\"audio\/mpeg\" src=\"https:\/\/agora.xtec.cat\/ceiprivorubeo\/wp-content\/uploads\/usu2655\/2024\/03\/10-6eB-Contes-desexplicats.mp3?_=6\" \/><a href=\"https:\/\/agora.xtec.cat\/ceiprivorubeo\/wp-content\/uploads\/usu2655\/2024\/03\/10-6eB-Contes-desexplicats.mp3\">https:\/\/agora.xtec.cat\/ceiprivorubeo\/wp-content\/uploads\/usu2655\/2024\/03\/10-6eB-Contes-desexplicats.mp3<\/a><\/audio>\n<p>&nbsp;<\/p>\n<p><span style=\"color: #800080\"><strong>P\u00d2DCAST 11: CONTES DESEXPLICATS &#8220;LA CAPUTXETA FOR\u00c7UDA&#8221;<\/strong><\/span><\/p>\n<audio class=\"wp-audio-shortcode\" id=\"audio-3864-7\" preload=\"none\" style=\"width: 100%;\" controls=\"controls\"><source type=\"audio\/mpeg\" src=\"https:\/\/agora.xtec.cat\/ceiprivorubeo\/wp-content\/uploads\/usu2655\/2024\/03\/11-6eB-Contes-desexplicats-1.mp3-1.mp3?_=7\" \/><a href=\"https:\/\/agora.xtec.cat\/ceiprivorubeo\/wp-content\/uploads\/usu2655\/2024\/03\/11-6eB-Contes-desexplicats-1.mp3-1.mp3\">https:\/\/agora.xtec.cat\/ceiprivorubeo\/wp-content\/uploads\/usu2655\/2024\/03\/11-6eB-Contes-desexplicats-1.mp3-1.mp3<\/a><\/audio>\n<p>&nbsp;<\/p>\n<p><span style=\"color: #800080\"><strong>P\u00d2DCAST 12: CONTES DESEXPLICATS &#8220;LA CAPUTXETA FOR\u00c7UDA&#8221; I &#8220;L&#8217;ANEGUET PRESUMIT&#8221;<\/strong><\/span><\/p>\n<audio class=\"wp-audio-shortcode\" id=\"audio-3864-8\" preload=\"none\" style=\"width: 100%;\" controls=\"controls\"><source type=\"audio\/mpeg\" src=\"https:\/\/agora.xtec.cat\/ceiprivorubeo\/wp-content\/uploads\/usu2655\/2024\/03\/12-PODCAST-6eA-contes-desexplicats-1.mp3?_=8\" \/><a href=\"https:\/\/agora.xtec.cat\/ceiprivorubeo\/wp-content\/uploads\/usu2655\/2024\/03\/12-PODCAST-6eA-contes-desexplicats-1.mp3\">https:\/\/agora.xtec.cat\/ceiprivorubeo\/wp-content\/uploads\/usu2655\/2024\/03\/12-PODCAST-6eA-contes-desexplicats-1.mp3<\/a><\/audio>\n<p>&nbsp;<\/p>\n","protected":false},"excerpt":{"rendered":"<p><a href=\"https:\/\/agora.xtec.cat\/ceiprivorubeo\/wp-content\/uploads\/usu2655\/2024\/03\/Captura-de-pantalla-2024-03-13-182103.png\"><\/a><br \/>\nBenvolgudes fam\u00edlies,<br \/>\nEns trobem una setmana m\u00e9s a Rivo r\u00e0dio, per seguir presentant-vos nous p\u00f2dcasts relacionats amb el 8M, amb els quals descobrireu noves opinions i perspectives relacionades amb les tem\u00e0tiques que us hem anat presentant.<br \/>\nEsperem que us estiguin agradant!<br \/>\n&nbsp;<br \/>\nP\u00d2DCAST 5: LES DONES REFERENTS AL&hellip;  <a href=\"https:\/\/agora.xtec.cat\/ceiprivorubeo\/general\/una-setmana-mes-a-rivo-radio\/\" title=\"Read Una setmana m\u00e9s a Rivo r\u00e0dio!\">Llegeix m\u00e9s\u00bb<\/a><\/p>\n","protected":false},"author":22,"featured_media":3869,"comment_status":"open","ping_status":"closed","sticky":false,"template":"","format":"standard","meta":{"_bbp_topic_count":0,"_bbp_reply_count":0,"_bbp_total_topic_count":0,"_bbp_total_reply_count":0,"_bbp_voice_count":0,"_bbp_anonymous_reply_count":0,"_bbp_topic_count_hidden":0,"_bbp_reply_count_hidden":0,"_bbp_forum_subforum_count":0,"footnotes":""},"categories":[1,14],"tags":[],"class_list":["post-3864","post","type-post","status-publish","format-standard","has-post-thumbnail","hentry","category-general","category-6e"],"post_mailing_queue_ids":[],"_links":{"self":[{"href":"https:\/\/agora.xtec.cat\/ceiprivorubeo\/wp-json\/wp\/v2\/posts\/3864","targetHints":{"allow":["GET"]}}],"collection":[{"href":"https:\/\/agora.xtec.cat\/ceiprivorubeo\/wp-json\/wp\/v2\/posts"}],"about":[{"href":"https:\/\/agora.xtec.cat\/ceiprivorubeo\/wp-json\/wp\/v2\/types\/post"}],"author":[{"embeddable":true,"href":"https:\/\/agora.xtec.cat\/ceiprivorubeo\/wp-json\/wp\/v2\/users\/22"}],"replies":[{"embeddable":true,"href":"https:\/\/agora.xtec.cat\/ceiprivorubeo\/wp-json\/wp\/v2\/comments?post=3864"}],"version-history":[{"count":6,"href":"https:\/\/agora.xtec.cat\/ceiprivorubeo\/wp-json\/wp\/v2\/posts\/3864\/revisions"}],"predecessor-version":[{"id":3919,"href":"https:\/\/agora.xtec.cat\/ceiprivorubeo\/wp-json\/wp\/v2\/posts\/3864\/revisions\/3919"}],"wp:featuredmedia":[{"embeddable":true,"href":"https:\/\/agora.xtec.cat\/ceiprivorubeo\/wp-json\/wp\/v2\/media\/3869"}],"wp:attachment":[{"href":"https:\/\/agora.xtec.cat\/ceiprivorubeo\/wp-json\/wp\/v2\/media?parent=3864"}],"wp:term":[{"taxonomy":"category","embeddable":true,"href":"https:\/\/agora.xtec.cat\/ceiprivorubeo\/wp-json\/wp\/v2\/categories?post=3864"},{"taxonomy":"post_tag","embeddable":true,"href":"https:\/\/agora.xtec.cat\/ceiprivorubeo\/wp-json\/wp\/v2\/tags?post=3864"}],"curies":[{"name":"wp","href":"https:\/\/api.w.org\/{rel}","templated":true}]}}