{"id":3856,"date":"2024-03-08T17:39:04","date_gmt":"2024-03-08T16:39:04","guid":{"rendered":"https:\/\/agora.xtec.cat\/ceiprivorubeo\/?p=3856"},"modified":"2024-03-08T17:40:30","modified_gmt":"2024-03-08T16:40:30","slug":"podcast-8m","status":"publish","type":"post","link":"https:\/\/agora.xtec.cat\/ceiprivorubeo\/portada\/podcast-8m\/","title":{"rendered":"P\u00f2dcast 8M"},"content":{"rendered":"<div>L&#8217;alumnat de 6\u00e8 ha treballat la llengua oral al voltant d&#8217;una visi\u00f3 feminista de l&#8217;amor, l&#8217;esport, els contes populars i l&#8217;origen del 8M.<br \/>\nEsperem que us agradin.&nbsp;<\/p>\n<p>1. \u00c9s possible canviar per amor?<\/p>\n<\/div>\n<div><\/div>\n<div>\n<!--[if lt IE 9]><script>document.createElement('audio');<\/script><![endif]-->\n<audio class=\"wp-audio-shortcode\" id=\"audio-3856-1\" preload=\"none\" style=\"width: 100%;\" controls=\"controls\"><source type=\"audio\/mpeg\" src=\"https:\/\/agora.xtec.cat\/ceiprivorubeo\/wp-content\/uploads\/usu2655\/2024\/03\/Es-possible-canviar-per-amor.mp3?_=1\" \/><a href=\"https:\/\/agora.xtec.cat\/ceiprivorubeo\/wp-content\/uploads\/usu2655\/2024\/03\/Es-possible-canviar-per-amor.mp3\">https:\/\/agora.xtec.cat\/ceiprivorubeo\/wp-content\/uploads\/usu2655\/2024\/03\/Es-possible-canviar-per-amor.mp3<\/a><\/audio>\n<p>&nbsp;<\/p>\n<p>2. Les dones a les not\u00edcies esportives<\/p>\n<\/div>\n<div><\/div>\n<div>\n<audio class=\"wp-audio-shortcode\" id=\"audio-3856-2\" preload=\"none\" style=\"width: 100%;\" controls=\"controls\"><source type=\"audio\/mpeg\" src=\"https:\/\/agora.xtec.cat\/ceiprivorubeo\/wp-content\/uploads\/usu2655\/2024\/03\/les-dones-a-les-noticies-esportives.mp3?_=2\" \/><a href=\"https:\/\/agora.xtec.cat\/ceiprivorubeo\/wp-content\/uploads\/usu2655\/2024\/03\/les-dones-a-les-noticies-esportives.mp3\">https:\/\/agora.xtec.cat\/ceiprivorubeo\/wp-content\/uploads\/usu2655\/2024\/03\/les-dones-a-les-noticies-esportives.mp3<\/a><\/audio>\n<p>&nbsp;<\/p>\n<p>3. Contes desexplicats<\/p>\n<\/div>\n<div><\/div>\n<div>\n<audio class=\"wp-audio-shortcode\" id=\"audio-3856-3\" preload=\"none\" style=\"width: 100%;\" controls=\"controls\"><source type=\"audio\/mpeg\" src=\"https:\/\/agora.xtec.cat\/ceiprivorubeo\/wp-content\/uploads\/usu2655\/2024\/03\/3-PODCAST-6A-Contes-desexplicats.mp3?_=3\" \/><a href=\"https:\/\/agora.xtec.cat\/ceiprivorubeo\/wp-content\/uploads\/usu2655\/2024\/03\/3-PODCAST-6A-Contes-desexplicats.mp3\">https:\/\/agora.xtec.cat\/ceiprivorubeo\/wp-content\/uploads\/usu2655\/2024\/03\/3-PODCAST-6A-Contes-desexplicats.mp3<\/a><\/audio>\n<p>&nbsp;<\/p>\n<p>4. L&#8217;origen del 8M.<\/p>\n<\/div>\n<div>\n<audio class=\"wp-audio-shortcode\" id=\"audio-3856-4\" preload=\"none\" style=\"width: 100%;\" controls=\"controls\"><source type=\"audio\/mpeg\" src=\"https:\/\/agora.xtec.cat\/ceiprivorubeo\/wp-content\/uploads\/usu2655\/2024\/03\/4-PODCAST-6A-Origen-8M.mp3?_=4\" \/><a href=\"https:\/\/agora.xtec.cat\/ceiprivorubeo\/wp-content\/uploads\/usu2655\/2024\/03\/4-PODCAST-6A-Origen-8M.mp3\">https:\/\/agora.xtec.cat\/ceiprivorubeo\/wp-content\/uploads\/usu2655\/2024\/03\/4-PODCAST-6A-Origen-8M.mp3<\/a><\/audio>\n<\/div>\n","protected":false},"excerpt":{"rendered":"<p>L&#8217;alumnat de 6\u00e8 ha treballat la llengua oral al voltant d&#8217;una visi\u00f3 feminista de l&#8217;amor, l&#8217;esport, els contes populars i l&#8217;origen del 8M.<br \/>\nEsperem que us agradin.&nbsp;<br \/>\n1. \u00c9s possible canviar per amor?<\/p>\n<p><a href=\"https:\/\/agora.xtec.cat\/ceiprivorubeo\/wp-content\/uploads\/usu2655\/2024\/03\/Es-possible-canviar-per-amor.mp3\">https:\/\/agora.xtec.cat\/ceiprivorubeo\/wp-content\/uploads\/usu2655\/2024\/03\/Es-possible-canviar-per-amor.mp3<\/a><br \/>\n&nbsp;<br \/>\n2. Les dones a les not\u00edcies esportives<\/p>\n<p><a href=\"https:\/\/agora.xtec.cat\/ceiprivorubeo\/wp-content\/uploads\/usu2655\/2024\/03\/les-dones-a-les-noticies-esportives.mp3\">https:\/\/agora.xtec.cat\/ceiprivorubeo\/wp-content\/uploads\/usu2655\/2024\/03\/les-dones-a-les-noticies-esportives.mp3<\/a><br \/>\n&nbsp;<br \/>\n3. Contes desexplicats<\/p>\n<p><a href=\"https:\/\/agora.xtec.cat\/ceiprivorubeo\/wp-content\/uploads\/usu2655\/2024\/03\/3-PODCAST-6A-Contes-desexplicats.mp3\">https:\/\/agora.xtec.cat\/ceiprivorubeo\/wp-content\/uploads\/usu2655\/2024\/03\/3-PODCAST-6A-Contes-desexplicats.mp3<\/a><br \/>\n&nbsp;<br \/>\n4. L&#8217;origen del 8M.<\/p>\n<p><a&hellip;  <a href=\"https:\/\/agora.xtec.cat\/ceiprivorubeo\/portada\/podcast-8m\/\" title=\"Read P\u00f2dcast 8M\">Llegeix m\u00e9s\u00bb<\/a><\/p>\n","protected":false},"author":1,"featured_media":0,"comment_status":"open","ping_status":"closed","sticky":false,"template":"","format":"standard","meta":{"_bbp_topic_count":0,"_bbp_reply_count":0,"_bbp_total_topic_count":0,"_bbp_total_reply_count":0,"_bbp_voice_count":0,"_bbp_anonymous_reply_count":0,"_bbp_topic_count_hidden":0,"_bbp_reply_count_hidden":0,"_bbp_forum_subforum_count":0,"footnotes":""},"categories":[4],"tags":[],"class_list":["post-3856","post","type-post","status-publish","format-standard","hentry","category-portada"],"post_mailing_queue_ids":[],"_links":{"self":[{"href":"https:\/\/agora.xtec.cat\/ceiprivorubeo\/wp-json\/wp\/v2\/posts\/3856","targetHints":{"allow":["GET"]}}],"collection":[{"href":"https:\/\/agora.xtec.cat\/ceiprivorubeo\/wp-json\/wp\/v2\/posts"}],"about":[{"href":"https:\/\/agora.xtec.cat\/ceiprivorubeo\/wp-json\/wp\/v2\/types\/post"}],"author":[{"embeddable":true,"href":"https:\/\/agora.xtec.cat\/ceiprivorubeo\/wp-json\/wp\/v2\/users\/1"}],"replies":[{"embeddable":true,"href":"https:\/\/agora.xtec.cat\/ceiprivorubeo\/wp-json\/wp\/v2\/comments?post=3856"}],"version-history":[{"count":2,"href":"https:\/\/agora.xtec.cat\/ceiprivorubeo\/wp-json\/wp\/v2\/posts\/3856\/revisions"}],"predecessor-version":[{"id":3858,"href":"https:\/\/agora.xtec.cat\/ceiprivorubeo\/wp-json\/wp\/v2\/posts\/3856\/revisions\/3858"}],"wp:attachment":[{"href":"https:\/\/agora.xtec.cat\/ceiprivorubeo\/wp-json\/wp\/v2\/media?parent=3856"}],"wp:term":[{"taxonomy":"category","embeddable":true,"href":"https:\/\/agora.xtec.cat\/ceiprivorubeo\/wp-json\/wp\/v2\/categories?post=3856"},{"taxonomy":"post_tag","embeddable":true,"href":"https:\/\/agora.xtec.cat\/ceiprivorubeo\/wp-json\/wp\/v2\/tags?post=3856"}],"curies":[{"name":"wp","href":"https:\/\/api.w.org\/{rel}","templated":true}]}}