{"id":3826,"date":"2024-03-01T16:16:32","date_gmt":"2024-03-01T15:16:32","guid":{"rendered":"https:\/\/agora.xtec.cat\/ceiprivorubeo\/?p=3826"},"modified":"2024-03-01T16:16:32","modified_gmt":"2024-03-01T15:16:32","slug":"aules-obertes-petits","status":"publish","type":"post","link":"https:\/\/agora.xtec.cat\/ceiprivorubeo\/infantil\/aules-obertes-petits\/","title":{"rendered":"Aules Obertes Petits"},"content":{"rendered":"<p>Com cada any, us volem convidar a la<strong>\u00a0Jornada d&#8217;Aules Obertes<\/strong>,\u00a0un espai pensat per compartir una estona a l&#8217;aula amb els vostres fills i filles i despr\u00e9s posar en com\u00fa el viscut entre fam\u00edlies i mestres.<\/p>\n<p>Aquest trimestre realitzarem les Aules Obertes de Petits.<br \/>\nAqu\u00ed teniu les dates:<br \/>\n<strong><br \/>\nI3 14 mar\u00e7<br \/>\nI4\u00a0 21 mar\u00e7<br \/>\nI5\u00a0 19 de mar\u00e7<\/strong><\/p>\n<p>Per tal de dur-ho a terme, cada jornada tindr\u00e0 dues parts. Us esperarem a les 15:15h a la porta principal del vest\u00edbul de l&#8217;escola. Viureu una\u00a0<strong>primera part<\/strong>\u00a0<strong>&#8220;d&#8217;aula oberta&#8221;<\/strong>, en la que coneixereu de prop i de forma vivencial algun dels projectes o activitats desenvolupades al llarg del curs i acompanyats dels vostres fills i filles. Aquest curs us compartirem amb vosaltres una tarda de tallers.<br \/>\nEn un moment determinat l&#8217;alumnat es\u00a0quedar\u00e0 a la classe amb el servei de canguratge que fa possible la nostra AFA i comen\u00e7ar\u00e0 la\u00a0<strong>segona part &#8220;d&#8217;assemblea&#8221;<\/strong>, en la que les fam\u00edlies us quedareu amb l&#8217;equip docent, que us convidar\u00e0 a reflexionar i aprofundir sobre el proc\u00e9s que haureu acabat de viure en l&#8217;estona anterior. La jornada finalitzar\u00e0 al voltant de les 17h.<\/p>\n<p><strong>El servei de canguratge s&#8217;ofereix tant pels infants del nivell que fa les aules obertes aquell dia com pels seus germans i germanes<\/strong>, als que els seus tutors acompanyaran al canguratge. Els recollireu a la seva aula un cop acabada la jornada.<\/p>\n<p><strong>Per tal de facilitar tota aquesta organitzaci\u00f3, \u00e9s necessari que ompliu\u00a0<a href=\"https:\/\/forms.gle\/JgNNaJgFDfnLxevv7\" target=\"_blank\" rel=\"noopener\" data-saferedirecturl=\"https:\/\/www.google.com\/url?q=https:\/\/forms.gle\/JgNNaJgFDfnLxevv7&amp;source=gmail&amp;ust=1709385230827000&amp;usg=AOvVaw03b5laup2luRIf1cnGop99\" data-cke-saved-href=\"https:\/\/forms.gle\/JgNNaJgFDfnLxevv7\">aquest formulari<\/a>\u00a0com m\u00e9s aviat millor.<\/strong><\/p>\n","protected":false},"excerpt":{"rendered":"<p>Com cada any, us volem convidar a la\u00a0Jornada d&#8217;Aules Obertes,\u00a0un espai pensat per compartir una estona a l&#8217;aula amb els vostres fills i filles i despr\u00e9s posar en com\u00fa el viscut entre fam\u00edlies i mestres.<br \/>\nAquest trimestre realitzarem les Aules Obertes de Petits.<br \/>\nAqu\u00ed teniu les dates:<\/p>\n<p>I3&hellip;  <a href=\"https:\/\/agora.xtec.cat\/ceiprivorubeo\/infantil\/aules-obertes-petits\/\" title=\"Read Aules Obertes Petits\">Llegeix m\u00e9s\u00bb<\/a><\/p>\n","protected":false},"author":1,"featured_media":0,"comment_status":"open","ping_status":"closed","sticky":false,"template":"","format":"standard","meta":{"_bbp_topic_count":0,"_bbp_reply_count":0,"_bbp_total_topic_count":0,"_bbp_total_reply_count":0,"_bbp_voice_count":0,"_bbp_anonymous_reply_count":0,"_bbp_topic_count_hidden":0,"_bbp_reply_count_hidden":0,"_bbp_forum_subforum_count":0,"footnotes":""},"categories":[2,4],"tags":[],"class_list":["post-3826","post","type-post","status-publish","format-standard","hentry","category-infantil","category-portada"],"post_mailing_queue_ids":[],"_links":{"self":[{"href":"https:\/\/agora.xtec.cat\/ceiprivorubeo\/wp-json\/wp\/v2\/posts\/3826","targetHints":{"allow":["GET"]}}],"collection":[{"href":"https:\/\/agora.xtec.cat\/ceiprivorubeo\/wp-json\/wp\/v2\/posts"}],"about":[{"href":"https:\/\/agora.xtec.cat\/ceiprivorubeo\/wp-json\/wp\/v2\/types\/post"}],"author":[{"embeddable":true,"href":"https:\/\/agora.xtec.cat\/ceiprivorubeo\/wp-json\/wp\/v2\/users\/1"}],"replies":[{"embeddable":true,"href":"https:\/\/agora.xtec.cat\/ceiprivorubeo\/wp-json\/wp\/v2\/comments?post=3826"}],"version-history":[{"count":1,"href":"https:\/\/agora.xtec.cat\/ceiprivorubeo\/wp-json\/wp\/v2\/posts\/3826\/revisions"}],"predecessor-version":[{"id":3827,"href":"https:\/\/agora.xtec.cat\/ceiprivorubeo\/wp-json\/wp\/v2\/posts\/3826\/revisions\/3827"}],"wp:attachment":[{"href":"https:\/\/agora.xtec.cat\/ceiprivorubeo\/wp-json\/wp\/v2\/media?parent=3826"}],"wp:term":[{"taxonomy":"category","embeddable":true,"href":"https:\/\/agora.xtec.cat\/ceiprivorubeo\/wp-json\/wp\/v2\/categories?post=3826"},{"taxonomy":"post_tag","embeddable":true,"href":"https:\/\/agora.xtec.cat\/ceiprivorubeo\/wp-json\/wp\/v2\/tags?post=3826"}],"curies":[{"name":"wp","href":"https:\/\/api.w.org\/{rel}","templated":true}]}}