{"id":3824,"date":"2024-03-01T16:13:59","date_gmt":"2024-03-01T15:13:59","guid":{"rendered":"https:\/\/agora.xtec.cat\/ceiprivorubeo\/?p=3824"},"modified":"2024-03-01T16:13:59","modified_gmt":"2024-03-01T15:13:59","slug":"normativa-dispositius-mobils","status":"publish","type":"post","link":"https:\/\/agora.xtec.cat\/ceiprivorubeo\/general\/normativa-dispositius-mobils\/","title":{"rendered":"Normativa dispositius m\u00f2bils"},"content":{"rendered":"<p>Amb data 28\/02\/2024 queda aprovada per unanimitat en el Consell Escolar la seg\u00fcent\u00a0normativa:<\/p>\n<p>Definici\u00f3 dispositiu m\u00f2bil: aparell electr\u00f2nic f\u00e0cilment transportable que utilitza tecnologies de la informaci\u00f3 i de les comunicacions de forma aut\u00f2noma, amb capacitats multim\u00e8dia i de connexi\u00f3 a xarxes de comunicaci\u00f3 tipus Internet, que es poden utilitzar en un gran nombre d\u2019activitats de processament i comunicaci\u00f3 d\u2019informaci\u00f3. Designa principalment els dispositius anomenats \u201csmartphones\u201d (tel\u00e8fons intel\u00b7ligents), per\u00f2 acull tamb\u00e9 dispositius tipus tauletes t\u00e0ctils (Tablets), lectors de llibres electr\u00f2nics (eraders), reproductors port\u00e0tils d\u2019\u00e0udio i els seus accessoris, consoles de joc, rellotges intel\u00b7ligents, etc.<\/p>\n<p>At\u00e8s que el dret a la mateixa imatge \u00e9s reconegut en l&#8217;article 18.1 de la Constituci\u00f3 Espanyola i est\u00e0 regulat per la llei org\u00e0nica 1\/1982, de 5 de maig, sobre el dret a l&#8217;honor, a la intimitat personal i familiar i a la mateixa imatge:<\/p>\n<p><strong>Queda absolutament prohibit per l&#8217;alumnat fer \u00fas de tel\u00e8fons m\u00f2bils, rellotges intel\u00b7ligents i d&#8217;altres dispositius m\u00f2bils durant tot l&#8217;horari lectiu: dintre del recinte escolar, sortides i extraescolars.<\/strong><\/p>\n<p>Si per causa de for\u00e7a major l&#8217;alumnat ha de portar aquest tipus de dispositiu, aquest quedar\u00e0 apagat i guardat a cust\u00f2dia del\/la mestre\/a, i ser\u00e0 entregat en acabar la jornada lectiva de l&#8217;escola. Aquesta excepci\u00f3 haur\u00e0 d&#8217;estar comunicada sempre per escrit per part dels tutors de l&#8217;infant.<\/p>\n<p>El centre mai no es far\u00e0 responsable de la p\u00e8rdua o robatori d&#8217;aquests tipus d&#8217;aparells, ni realitzar\u00e0 cap mena d&#8217;acci\u00f3 per poder-los recuperar.<\/p>\n<p>El no compliment d&#8217;aquest punt \u00e9s considerat com a falta, tal com queda recollit a l&#8217;Annex de les NOFC, a l&#8217;apartat de Gradaci\u00f3 de Faltes en Categories.<\/p>\n<p><span style=\"font-family: inherit; font-size: 1em;\">Aqu\u00ed teniu l&#8217;enlla\u00e7 de la Generalitat en relaci\u00f3 amb la normativa dels m\u00f2bils a les escoles: <\/span><a style=\"font-family: inherit; font-size: 1em;\" href=\"https:\/\/educacio.gencat.cat\/ca\/arees-actuacio\/centres-serveis-educatius\/centres\/mobils\/index.html\">https:\/\/educacio.gencat.cat\/ca\/arees-actuacio\/centres-serveis-educatius\/centres\/mobils\/index.html<\/a><\/p>\n","protected":false},"excerpt":{"rendered":"<p>Amb data 28\/02\/2024 queda aprovada per unanimitat en el Consell Escolar la seg\u00fcent\u00a0normativa:<br \/>\nDefinici\u00f3 dispositiu m\u00f2bil: aparell electr\u00f2nic f\u00e0cilment transportable que utilitza tecnologies de la informaci\u00f3 i de les comunicacions de forma aut\u00f2noma, amb capacitats multim\u00e8dia i de connexi\u00f3 a xarxes de comunicaci\u00f3 tipus Internet, que&hellip;  <a href=\"https:\/\/agora.xtec.cat\/ceiprivorubeo\/general\/normativa-dispositius-mobils\/\" title=\"Read Normativa dispositius m\u00f2bils\">Llegeix m\u00e9s\u00bb<\/a><\/p>\n","protected":false},"author":1,"featured_media":0,"comment_status":"open","ping_status":"closed","sticky":false,"template":"","format":"standard","meta":{"_bbp_topic_count":0,"_bbp_reply_count":0,"_bbp_total_topic_count":0,"_bbp_total_reply_count":0,"_bbp_voice_count":0,"_bbp_anonymous_reply_count":0,"_bbp_topic_count_hidden":0,"_bbp_reply_count_hidden":0,"_bbp_forum_subforum_count":0,"footnotes":""},"categories":[65,1,4],"tags":[],"class_list":["post-3824","post","type-post","status-publish","format-standard","hentry","category-butlleti","category-general","category-portada"],"post_mailing_queue_ids":[],"_links":{"self":[{"href":"https:\/\/agora.xtec.cat\/ceiprivorubeo\/wp-json\/wp\/v2\/posts\/3824","targetHints":{"allow":["GET"]}}],"collection":[{"href":"https:\/\/agora.xtec.cat\/ceiprivorubeo\/wp-json\/wp\/v2\/posts"}],"about":[{"href":"https:\/\/agora.xtec.cat\/ceiprivorubeo\/wp-json\/wp\/v2\/types\/post"}],"author":[{"embeddable":true,"href":"https:\/\/agora.xtec.cat\/ceiprivorubeo\/wp-json\/wp\/v2\/users\/1"}],"replies":[{"embeddable":true,"href":"https:\/\/agora.xtec.cat\/ceiprivorubeo\/wp-json\/wp\/v2\/comments?post=3824"}],"version-history":[{"count":1,"href":"https:\/\/agora.xtec.cat\/ceiprivorubeo\/wp-json\/wp\/v2\/posts\/3824\/revisions"}],"predecessor-version":[{"id":3825,"href":"https:\/\/agora.xtec.cat\/ceiprivorubeo\/wp-json\/wp\/v2\/posts\/3824\/revisions\/3825"}],"wp:attachment":[{"href":"https:\/\/agora.xtec.cat\/ceiprivorubeo\/wp-json\/wp\/v2\/media?parent=3824"}],"wp:term":[{"taxonomy":"category","embeddable":true,"href":"https:\/\/agora.xtec.cat\/ceiprivorubeo\/wp-json\/wp\/v2\/categories?post=3824"},{"taxonomy":"post_tag","embeddable":true,"href":"https:\/\/agora.xtec.cat\/ceiprivorubeo\/wp-json\/wp\/v2\/tags?post=3824"}],"curies":[{"name":"wp","href":"https:\/\/api.w.org\/{rel}","templated":true}]}}