{"id":3797,"date":"2024-02-15T17:11:48","date_gmt":"2024-02-15T16:11:48","guid":{"rendered":"https:\/\/agora.xtec.cat\/ceiprivorubeo\/?p=3797"},"modified":"2024-02-15T17:12:28","modified_gmt":"2024-02-15T16:12:28","slug":"xocolatada-solidaria","status":"publish","type":"post","link":"https:\/\/agora.xtec.cat\/ceiprivorubeo\/general\/xocolatada-solidaria\/","title":{"rendered":"Xocolatada Solid\u00e0ria."},"content":{"rendered":"<p style=\"text-align: left;\">Fam\u00edlies, us sumeu a la <strong>xocolatada solid\u00e0ria<\/strong> el pr\u00f2xim divendres <strong>23 de febrer<\/strong>?<\/p>\n<p>Amb motiu del Dia Internacional del c\u00e0ncer infantil, al Rivo ens adherim a aquesta iniciativa solid\u00e0ria de Sant Joan de D\u00e9u; i mentre compartim un berenar al pati de prim\u00e0ria a les 16:30 amb un bon got de xocolata, tota la recaptaci\u00f3 de la venda de tiquets anir\u00e0 \u00edntegrament destinada a SJD i la investigaci\u00f3 del c\u00e0ncer infantil.<\/p>\n<p>Ajudeu-nos a muntar un bon cacau, tindrem photocall i podreu pujar fotos divertides al IG de l&#8217;AFA.<br \/>\nI atenci\u00f3!!! Perqu\u00e8 SJD premia a les 3 fotos m\u00e9s originals amb tres lots de xocolata Blanxart entre totes les escoles i associacions inscrites&#8230;<\/p>\n<p>Accepteu el repte?<\/p>\n<p>Us esperem a les 16:30 el pr\u00f2xim 23 de febrer al pati de prim\u00e0ria.<\/p>\n<p>Recorda&#8217;t del got<\/p>\n<p>Podeu llegir m\u00e9s info a la <a href=\"https:\/\/chocolatadasolidaria.org\/en-que-consiste-la-iniciativa\/\" target=\"_blank\" rel=\"noopener\" data-cke-saved-href=\"https:\/\/chocolatadasolidaria.org\/en-que-consiste-la-iniciativa\/\">web oficial<\/a><\/p>\n<p><img loading=\"lazy\" decoding=\"async\" src=\"https:\/\/mcusercontent.com\/23c98d4159cf6b8514c5a9ad3\/images\/274bdc3a-865b-607a-57eb-4f613984c5ba.jpg\" width=\"1241\" height=\"1754\" data-cke-saved-src=\"https:\/\/mcusercontent.com\/23c98d4159cf6b8514c5a9ad3\/images\/274bdc3a-865b-607a-57eb-4f613984c5ba.jpg\" data-file-id=\"6091654\" \/><\/p>\n","protected":false},"excerpt":{"rendered":"<p>Fam\u00edlies, us sumeu a la xocolatada solid\u00e0ria el pr\u00f2xim divendres 23 de febrer?<br \/>\nAmb motiu del Dia Internacional del c\u00e0ncer infantil, al Rivo ens adherim a aquesta iniciativa solid\u00e0ria de Sant Joan de D\u00e9u; i mentre compartim un berenar al pati de prim\u00e0ria a les 16:30&hellip;  <a href=\"https:\/\/agora.xtec.cat\/ceiprivorubeo\/general\/xocolatada-solidaria\/\" title=\"Read Xocolatada Solid\u00e0ria.\">Llegeix m\u00e9s\u00bb<\/a><\/p>\n","protected":false},"author":1,"featured_media":0,"comment_status":"open","ping_status":"closed","sticky":false,"template":"","format":"standard","meta":{"_bbp_topic_count":0,"_bbp_reply_count":0,"_bbp_total_topic_count":0,"_bbp_total_reply_count":0,"_bbp_voice_count":0,"_bbp_anonymous_reply_count":0,"_bbp_topic_count_hidden":0,"_bbp_reply_count_hidden":0,"_bbp_forum_subforum_count":0,"footnotes":""},"categories":[1,4],"tags":[],"class_list":["post-3797","post","type-post","status-publish","format-standard","hentry","category-general","category-portada"],"post_mailing_queue_ids":[],"_links":{"self":[{"href":"https:\/\/agora.xtec.cat\/ceiprivorubeo\/wp-json\/wp\/v2\/posts\/3797","targetHints":{"allow":["GET"]}}],"collection":[{"href":"https:\/\/agora.xtec.cat\/ceiprivorubeo\/wp-json\/wp\/v2\/posts"}],"about":[{"href":"https:\/\/agora.xtec.cat\/ceiprivorubeo\/wp-json\/wp\/v2\/types\/post"}],"author":[{"embeddable":true,"href":"https:\/\/agora.xtec.cat\/ceiprivorubeo\/wp-json\/wp\/v2\/users\/1"}],"replies":[{"embeddable":true,"href":"https:\/\/agora.xtec.cat\/ceiprivorubeo\/wp-json\/wp\/v2\/comments?post=3797"}],"version-history":[{"count":3,"href":"https:\/\/agora.xtec.cat\/ceiprivorubeo\/wp-json\/wp\/v2\/posts\/3797\/revisions"}],"predecessor-version":[{"id":3800,"href":"https:\/\/agora.xtec.cat\/ceiprivorubeo\/wp-json\/wp\/v2\/posts\/3797\/revisions\/3800"}],"wp:attachment":[{"href":"https:\/\/agora.xtec.cat\/ceiprivorubeo\/wp-json\/wp\/v2\/media?parent=3797"}],"wp:term":[{"taxonomy":"category","embeddable":true,"href":"https:\/\/agora.xtec.cat\/ceiprivorubeo\/wp-json\/wp\/v2\/categories?post=3797"},{"taxonomy":"post_tag","embeddable":true,"href":"https:\/\/agora.xtec.cat\/ceiprivorubeo\/wp-json\/wp\/v2\/tags?post=3797"}],"curies":[{"name":"wp","href":"https:\/\/api.w.org\/{rel}","templated":true}]}}