{"id":3785,"date":"2024-02-16T14:00:08","date_gmt":"2024-02-16T13:00:08","guid":{"rendered":"https:\/\/agora.xtec.cat\/ceiprivorubeo\/?p=3785"},"modified":"2024-02-16T14:00:08","modified_gmt":"2024-02-16T13:00:08","slug":"projecte-el-cos-huma-sortida-mnactec","status":"publish","type":"post","link":"https:\/\/agora.xtec.cat\/ceiprivorubeo\/general\/projecte-el-cos-huma-sortida-mnactec\/","title":{"rendered":"Projecte El cos hum\u00e0: sortida MNACTEC"},"content":{"rendered":"<p>Comencem nou projecte a 6\u00e8: <strong>el cos hum\u00e0<\/strong><\/p>\n<p>I quina millor manera de fer-ho que visitant una exposici\u00f3 al <strong>MNACTEC de Terrassa<\/strong>. Els alumnes van poder descobrir aspectes ben interessants i rellevants dels diferents sentits i aparells o sistemes del cos hum\u00e0 d&#8217;una manera interactiva i participativa.<\/p>\n<p>A trav\u00e9s de l&#8217;experimentaci\u00f3 i la manipulaci\u00f3 amb totes les propostes del museu, van poder con\u00e8ixer de manera aut\u00f2noma i din\u00e0mica com funciona el nostre cos.<\/p>\n<p>A continuaci\u00f3 us deixem un\u00a0<a href=\"https:\/\/drive.google.com\/drive\/folders\/1-IKi2K_pZZShHPUb7tek5weYcfKqP6KR?usp=drive_link\"><b>recull amb algunes fotografies<\/b><\/a>\u00a0d\u2019aquesta sortida.<\/p>\n<p><a href=\"https:\/\/agora.xtec.cat\/ceiprivorubeo\/wp-content\/uploads\/usu2655\/2024\/02\/1707377899206-scaled.jpg\"><img loading=\"lazy\" decoding=\"async\" class=\"alignnone wp-image-3801 \" src=\"https:\/\/agora.xtec.cat\/ceiprivorubeo\/wp-content\/uploads\/usu2655\/2024\/02\/1707377899206-scaled-e1708031132685-1024x756.jpg\" alt=\"\" width=\"369\" height=\"273\" srcset=\"https:\/\/agora.xtec.cat\/ceiprivorubeo\/wp-content\/uploads\/usu2655\/2024\/02\/1707377899206-scaled-e1708031132685-1024x756.jpg 1024w, https:\/\/agora.xtec.cat\/ceiprivorubeo\/wp-content\/uploads\/usu2655\/2024\/02\/1707377899206-scaled-e1708031132685-300x221.jpg 300w, https:\/\/agora.xtec.cat\/ceiprivorubeo\/wp-content\/uploads\/usu2655\/2024\/02\/1707377899206-scaled-e1708031132685-768x567.jpg 768w, https:\/\/agora.xtec.cat\/ceiprivorubeo\/wp-content\/uploads\/usu2655\/2024\/02\/1707377899206-scaled-e1708031132685-1536x1134.jpg 1536w, https:\/\/agora.xtec.cat\/ceiprivorubeo\/wp-content\/uploads\/usu2655\/2024\/02\/1707377899206-scaled-e1708031132685-2048x1512.jpg 2048w\" sizes=\"auto, (max-width: 369px) 100vw, 369px\" \/> \u00a0<\/a><a href=\"https:\/\/agora.xtec.cat\/ceiprivorubeo\/wp-content\/uploads\/usu2655\/2024\/02\/IMG_20240201_103444-scaled.jpg\"><img loading=\"lazy\" decoding=\"async\" class=\"alignnone wp-image-3802\" src=\"https:\/\/agora.xtec.cat\/ceiprivorubeo\/wp-content\/uploads\/usu2655\/2024\/02\/IMG_20240201_103444-1024x768.jpg\" alt=\"\" width=\"362\" height=\"271\" srcset=\"https:\/\/agora.xtec.cat\/ceiprivorubeo\/wp-content\/uploads\/usu2655\/2024\/02\/IMG_20240201_103444-1024x768.jpg 1024w, https:\/\/agora.xtec.cat\/ceiprivorubeo\/wp-content\/uploads\/usu2655\/2024\/02\/IMG_20240201_103444-300x225.jpg 300w, https:\/\/agora.xtec.cat\/ceiprivorubeo\/wp-content\/uploads\/usu2655\/2024\/02\/IMG_20240201_103444-768x576.jpg 768w, https:\/\/agora.xtec.cat\/ceiprivorubeo\/wp-content\/uploads\/usu2655\/2024\/02\/IMG_20240201_103444-1536x1152.jpg 1536w, https:\/\/agora.xtec.cat\/ceiprivorubeo\/wp-content\/uploads\/usu2655\/2024\/02\/IMG_20240201_103444-2048x1536.jpg 2048w, https:\/\/agora.xtec.cat\/ceiprivorubeo\/wp-content\/uploads\/usu2655\/2024\/02\/IMG_20240201_103444-200x150.jpg 200w\" sizes=\"auto, (max-width: 362px) 100vw, 362px\" \/><\/a><\/p>\n<p>&nbsp;<\/p>\n","protected":false},"excerpt":{"rendered":"<p>Comencem nou projecte a 6\u00e8: el cos hum\u00e0<br \/>\nI quina millor manera de fer-ho que visitant una exposici\u00f3 al MNACTEC de Terrassa. Els alumnes van poder descobrir aspectes ben interessants i rellevants dels diferents sentits i aparells o sistemes del cos hum\u00e0 d&#8217;una manera interactiva i&hellip;  <a href=\"https:\/\/agora.xtec.cat\/ceiprivorubeo\/general\/projecte-el-cos-huma-sortida-mnactec\/\" title=\"Read Projecte El cos hum\u00e0: sortida MNACTEC\">Llegeix m\u00e9s\u00bb<\/a><\/p>\n","protected":false},"author":21,"featured_media":3801,"comment_status":"open","ping_status":"closed","sticky":false,"template":"","format":"standard","meta":{"_bbp_topic_count":0,"_bbp_reply_count":0,"_bbp_total_topic_count":0,"_bbp_total_reply_count":0,"_bbp_voice_count":0,"_bbp_anonymous_reply_count":0,"_bbp_topic_count_hidden":0,"_bbp_reply_count_hidden":0,"_bbp_forum_subforum_count":0,"footnotes":""},"categories":[1,68,14],"tags":[],"class_list":["post-3785","post","type-post","status-publish","format-standard","has-post-thumbnail","hentry","category-general","category-grans","category-6e"],"post_mailing_queue_ids":[],"_links":{"self":[{"href":"https:\/\/agora.xtec.cat\/ceiprivorubeo\/wp-json\/wp\/v2\/posts\/3785","targetHints":{"allow":["GET"]}}],"collection":[{"href":"https:\/\/agora.xtec.cat\/ceiprivorubeo\/wp-json\/wp\/v2\/posts"}],"about":[{"href":"https:\/\/agora.xtec.cat\/ceiprivorubeo\/wp-json\/wp\/v2\/types\/post"}],"author":[{"embeddable":true,"href":"https:\/\/agora.xtec.cat\/ceiprivorubeo\/wp-json\/wp\/v2\/users\/21"}],"replies":[{"embeddable":true,"href":"https:\/\/agora.xtec.cat\/ceiprivorubeo\/wp-json\/wp\/v2\/comments?post=3785"}],"version-history":[{"count":7,"href":"https:\/\/agora.xtec.cat\/ceiprivorubeo\/wp-json\/wp\/v2\/posts\/3785\/revisions"}],"predecessor-version":[{"id":3835,"href":"https:\/\/agora.xtec.cat\/ceiprivorubeo\/wp-json\/wp\/v2\/posts\/3785\/revisions\/3835"}],"wp:featuredmedia":[{"embeddable":true,"href":"https:\/\/agora.xtec.cat\/ceiprivorubeo\/wp-json\/wp\/v2\/media\/3801"}],"wp:attachment":[{"href":"https:\/\/agora.xtec.cat\/ceiprivorubeo\/wp-json\/wp\/v2\/media?parent=3785"}],"wp:term":[{"taxonomy":"category","embeddable":true,"href":"https:\/\/agora.xtec.cat\/ceiprivorubeo\/wp-json\/wp\/v2\/categories?post=3785"},{"taxonomy":"post_tag","embeddable":true,"href":"https:\/\/agora.xtec.cat\/ceiprivorubeo\/wp-json\/wp\/v2\/tags?post=3785"}],"curies":[{"name":"wp","href":"https:\/\/api.w.org\/{rel}","templated":true}]}}